{"id":64964,"date":"2019-10-20T12:25:00","date_gmt":"2019-10-20T16:25:00","guid":{"rendered":"https:\/\/linitiative.ca\/International\/presidentielle-depot-des-dossiers-a-partir-de-samedi-prochain\/"},"modified":"2019-10-20T12:25:00","modified_gmt":"2019-10-20T16:25:00","slug":"presidentielle-depot-des-dossiers-a-partir-de-samedi-prochain","status":"publish","type":"post","link":"https:\/\/linitiative.ca\/International\/presidentielle-depot-des-dossiers-a-partir-de-samedi-prochain\/","title":{"rendered":"PRESIDENTIELLE : D\u00e9p\u00f4t des dossiers \u00e0  partir de samedi prochain"},"content":{"rendered":"<p><br id=\"sep_para_1\" class=\"sep_para access\"\/><\/p>\n<div id=\"para_1\" class=\"para_33578450 resize\">\n<div class=\"texte access firstletter\">L\u2019Autorit\u00e9 Nationale Ind\u00e9pendante des Elections (ANIE) a annonc\u00e9 dans un communiqu\u00e9 qu\u2019elle commencerait d\u00e9s samedi prochain la r\u00e9ception des dossiers des personnes ayant retir\u00e9 les formulaires.\u00a0 Pour ce faire, elle invite les quelque 140 postulants \u00e0 se rapprocher de ses locaux au palais des Nations pour y d\u00e9poser leurs dossiers et signer les documents officialisant leurs intentions de se porter candidats \u00e0 la pr\u00e9sidentielle, conform\u00e9ment au d\u00e9cret pr\u00e9sidentiel relatif \u00e0 la convocation du corps \u00e9lectoral.\u00a0 L\u2019instance de Mohamed Charfi pr\u00e9cise que les personnes concern\u00e9es, doivent prendre rendez-vous pour \u00eatre re\u00e7ues\u00a0 et remplir la fiche de renseignement du candidat et de ses accompagnateurs ainsi que les num\u00e9ros d\u2019immatriculation de leurs v\u00e9hicules.\u00a0 Du coup, les Ali Benflis, Abdelmadjid Tebboune, Abdelaziz Belaid, Abdelkader Bengrina et les 130 autres postulants seront attendus la semaine prochaine chez l\u2019ANIE pour y formaliser le, d\u00e9p\u00f4t de leurs dossiers.\u00a0 Et conform\u00e9ment \u00e0 l\u2019article 141 de la loi organique relative aux \u00e9lections, l\u2019instance de Mohamed Charfi dispose d\u2019un d\u00e9lai d\u2019une semaine pour \u00e9plucher les dossiers et arr\u00eater\u00a0 la liste d\u00e9finitive des candidats qui auront rempli les conditions l\u00e9gales de candidature.\u00a0 De\u00a0 sources inform\u00e9es, seuls cinq postulants \u00e0 l\u2019heure qu\u2019il est, ont pu rassembler les 60 000 signatures qui leur donnent le droit de concourir le 12 d\u00e9cembre prochain.\u00a0\u00a0\u00a0\u00a0\u00a0\u00a0\u00a0\u00a0<\/div>\n<\/div>\n<p>Auteur: Ismain<br \/>\n<a href=\"https:\/\/www.reflexiondz.net\/PRESIDENTIELLE-Depot-des-dossiers-a-partir-de-samedi-prochain_a58333.html\">Cliquez ici pour lire l&rsquo;article depuis sa source.<\/a><\/p>\n","protected":false},"excerpt":{"rendered":"<p>L\u2019Autorit\u00e9 Nationale Ind\u00e9pendante des Elections (ANIE) a annonc\u00e9 dans un communiqu\u00e9 qu\u2019elle commencerait d\u00e9s samedi prochain la r\u00e9ception des dossiers des personnes ayant retir\u00e9 les formulaires.\u00a0 Pour ce faire, elle invite les quelque 140 postulants \u00e0 se rapprocher de ses locaux au palais des Nations pour y d\u00e9poser leurs dossiers et signer les documents officialisant [&hellip;]<\/p>\n","protected":false},"author":1740,"featured_media":0,"comment_status":"closed","ping_status":"closed","sticky":false,"template":"","format":"standard","meta":{"fifu_image_url":"","fifu_image_alt":"","footnotes":""},"categories":[53,76],"tags":[],"class_list":["post-64964","post","type-post","status-publish","format-standard","hentry","category-algerie","category-regions"],"_links":{"self":[{"href":"https:\/\/linitiative.ca\/International\/wp-json\/wp\/v2\/posts\/64964","targetHints":{"allow":["GET"]}}],"collection":[{"href":"https:\/\/linitiative.ca\/International\/wp-json\/wp\/v2\/posts"}],"about":[{"href":"https:\/\/linitiative.ca\/International\/wp-json\/wp\/v2\/types\/post"}],"author":[{"embeddable":true,"href":"https:\/\/linitiative.ca\/International\/wp-json\/wp\/v2\/users\/1740"}],"replies":[{"embeddable":true,"href":"https:\/\/linitiative.ca\/International\/wp-json\/wp\/v2\/comments?post=64964"}],"version-history":[{"count":0,"href":"https:\/\/linitiative.ca\/International\/wp-json\/wp\/v2\/posts\/64964\/revisions"}],"wp:attachment":[{"href":"https:\/\/linitiative.ca\/International\/wp-json\/wp\/v2\/media?parent=64964"}],"wp:term":[{"taxonomy":"category","embeddable":true,"href":"https:\/\/linitiative.ca\/International\/wp-json\/wp\/v2\/categories?post=64964"},{"taxonomy":"post_tag","embeddable":true,"href":"https:\/\/linitiative.ca\/International\/wp-json\/wp\/v2\/tags?post=64964"}],"curies":[{"name":"wp","href":"https:\/\/api.w.org\/{rel}","templated":true}]}}