{"id":64965,"date":"2019-10-20T12:32:00","date_gmt":"2019-10-20T16:32:00","guid":{"rendered":"https:\/\/linitiative.ca\/International\/une-video-sur-le-passe-de-benflis\/"},"modified":"2019-10-20T12:32:00","modified_gmt":"2019-10-20T16:32:00","slug":"une-video-sur-le-passe-de-benflis","status":"publish","type":"post","link":"https:\/\/linitiative.ca\/International\/une-video-sur-le-passe-de-benflis\/","title":{"rendered":"Une vid\u00e9o sur  le pass\u00e9 de Benflis"},"content":{"rendered":"<p><br id=\"sep_para_1\" class=\"sep_para access\"\/><\/p>\n<div id=\"para_1\" class=\"para_33578518 resize\">\n<div class=\"texte access firstletter\">L\u2019\u00e9quipe d\u2019Ali Benflis vient de sortir son premier clip de pr\u00e9-campagne, pr\u00e9c\u00e9dant\u00a0 une campagne \u00e9lectorale qui s\u2019annonce non traditionnelle. Tr\u00e8s fortement sponsoris\u00e9e sur les r\u00e9seaux sociaux, elle a \u00e9t\u00e9 rendue publique au moment\u00a0 o\u00f9 la sc\u00e8ne nationale est marqu\u00e9e par la continuit\u00e9 du hirak. Dans le clip, Benflis se met en sc\u00e8ne en tant que militant des droits de l\u2019homme ! La vid\u00e9o met en avant un Ali Benflis ayant \u0153uvr\u00e9 pour la lib\u00e9ration des d\u00e9tenus du 5 octobre 1988, mais aussi ses positions \u00e0 cintre courant, traduite par sa d\u00e9cision de permettre \u00e0 la marche du 14 juin 2001 d\u2019avoir lieu. C\u2019est en tour cas, un c\u00f4t\u00e9 qu\u2019on ne lui conna\u00eet gu\u00e8re sur la sc\u00e8ne publique. Rappelons qu\u2019en 2004, Ali Benflis, dans une conf\u00e9rence de presse, au lendemain de son limogeage, avait dit: \u00abJ\u2019ai \u00e9t\u00e9 re\u00e7u par un haut responsable \u00e0 la Pr\u00e9sidence qui m\u2019a dit: \u00abentre toi et le pr\u00e9sident de la R\u00e9publique, il y a un probl\u00e8me: 2004. Ton maintien \u00e0 la t\u00eate du gouvernement d\u00e9pend de l\u2019annonce d\u2019un soutien du FLN au pr\u00e9sident Bouteflika pour un second mandat\u00bb. Dans sa r\u00e9ponse, Ali Benflis, affirme avoir dit qu\u2019il n\u2019\u00e9tait pas du genre \u00e0 \u00abse soumettre au chantage. Faites ce que vous voulez mais je ne d\u00e9missionnerai pas car je repr\u00e9sente le parti majoritaire\u00bb.\u00a0 L\u2019ancien chef de gouvernement s\u2019\u00e9tait abstenu de nommer ce \u00abhaut responsable\u00bb de la Pr\u00e9sidence mais des journalistes -et sans doute beaucoup d\u2019Alg\u00e9riens- se fondant sur le fait que le d\u00e9funt Larbi Belkheir \u00e9tant le \u00abhaut responsable\u00bb, le plus en vue \u00e0 la Pr\u00e9sidence l\u2019ont d\u00e9sign\u00e9 comme le fameux \u00abmessager\u00bb qui a pris soin, selon Benflis, de pr\u00e9ciser qu\u2019il s\u2019agissait d\u2019un \u00abijtihad personnel\u00bb. L\u2019aspect scabreux de ce marchandage de basse politique r\u00e9v\u00e9l\u00e9 par Ali Benflis n\u2019\u00e9tant gu\u00e8re reluisant pour le personnage en question, cela est amplement suffisant pour expliquer que Larbi Belkheir abandonne son habitude de laisser passer les \u00e9crits pour apporter un d\u00e9menti formel. Il n\u2019est ni \u00abde pr\u00e8s, ni de loin\u00bb m\u00eal\u00e9 \u00e0 ces histoires. Dans une fameuse interview publi\u00e9e, il y a plusieurs ann\u00e9es, par le journal public \u00ab El-Massaa \u00bb, Larbi Belkheir, s\u2019\u00e9tait plaint d\u2019\u00eatre transform\u00e9 en \u00abserviette\u00bb o\u00f9 chacun dans le syst\u00e8me \u00abs\u2019essuie les mains\u00bb en sortant. Apparemment, la bombe l\u00e2ch\u00e9e par Ali Benflis est trop grasse pour que le g\u00e9n\u00e9ral Larbi Belkheir accepte de servir de \u00abserviette\u00bb et il le dit de mani\u00e8re formelle. Il restera aux pisteurs de chercher ce \u00abhaut responsable de la Pr\u00e9sidence\u00bb qui ne serait pas Belkheir, \u00e0 moins que Ali Benflis -ce qui parait improbable- ne pousse la transparence jusqu\u2019\u00e0 le nommer. Mais pourquoi faciliter les choses au Pr\u00e9sident et \u00e0 son entourage, d\u00e8s lors que l\u2019impr\u00e9cision permet d\u2019\u00e9largir la sph\u00e8re du soup\u00e7on? Qu\u2019il ait vraiment calcul\u00e9 ses effets ou bien que cela soit le produit involontaire d\u2019une col\u00e8re, l\u2019effet est le m\u00eame. L\u2019accusation de chantage lanc\u00e9e par Benflis, du fait m\u00eame qu\u2019elle s\u2019abstient de d\u00e9signer celui qui a propos\u00e9 le \u00abmarch\u00e9\u00bb, fonctionne comme une bombe qui provoque des r\u00e9actions en cha\u00eene, fragmentation : elle explose tout en continuant de menacer en permanence un pr\u00e9sident en qu\u00eate d\u2019un second mandat.<\/div>\n<\/div>\n<p>Auteur: R\u00e9flexion<br \/>\n<a href=\"https:\/\/www.reflexiondz.net\/Une-video-sur-le-passe-de-Benflis_a58339.html\">Cliquez ici pour lire l&rsquo;article depuis sa source.<\/a><\/p>\n","protected":false},"excerpt":{"rendered":"<p>L\u2019\u00e9quipe d\u2019Ali Benflis vient de sortir son premier clip de pr\u00e9-campagne, pr\u00e9c\u00e9dant\u00a0 une campagne \u00e9lectorale qui s\u2019annonce non traditionnelle. Tr\u00e8s fortement sponsoris\u00e9e sur les r\u00e9seaux sociaux, elle a \u00e9t\u00e9 rendue publique au moment\u00a0 o\u00f9 la sc\u00e8ne nationale est marqu\u00e9e par la continuit\u00e9 du hirak. Dans le clip, Benflis se met en sc\u00e8ne en tant que [&hellip;]<\/p>\n","protected":false},"author":1740,"featured_media":0,"comment_status":"closed","ping_status":"closed","sticky":false,"template":"","format":"standard","meta":{"fifu_image_url":"","fifu_image_alt":"","footnotes":""},"categories":[53,76],"tags":[],"class_list":["post-64965","post","type-post","status-publish","format-standard","hentry","category-algerie","category-regions"],"_links":{"self":[{"href":"https:\/\/linitiative.ca\/International\/wp-json\/wp\/v2\/posts\/64965","targetHints":{"allow":["GET"]}}],"collection":[{"href":"https:\/\/linitiative.ca\/International\/wp-json\/wp\/v2\/posts"}],"about":[{"href":"https:\/\/linitiative.ca\/International\/wp-json\/wp\/v2\/types\/post"}],"author":[{"embeddable":true,"href":"https:\/\/linitiative.ca\/International\/wp-json\/wp\/v2\/users\/1740"}],"replies":[{"embeddable":true,"href":"https:\/\/linitiative.ca\/International\/wp-json\/wp\/v2\/comments?post=64965"}],"version-history":[{"count":0,"href":"https:\/\/linitiative.ca\/International\/wp-json\/wp\/v2\/posts\/64965\/revisions"}],"wp:attachment":[{"href":"https:\/\/linitiative.ca\/International\/wp-json\/wp\/v2\/media?parent=64965"}],"wp:term":[{"taxonomy":"category","embeddable":true,"href":"https:\/\/linitiative.ca\/International\/wp-json\/wp\/v2\/categories?post=64965"},{"taxonomy":"post_tag","embeddable":true,"href":"https:\/\/linitiative.ca\/International\/wp-json\/wp\/v2\/tags?post=64965"}],"curies":[{"name":"wp","href":"https:\/\/api.w.org\/{rel}","templated":true}]}}