{"id":64975,"date":"2019-10-20T05:25:48","date_gmt":"2019-10-20T09:25:48","guid":{"rendered":"https:\/\/linitiative.ca\/International\/le-rcd-qualifie-les-tribunaux-de-simples-chambres-de-relais-rien-ne-justifie-le-maintien-en-detention-des-manifestants\/"},"modified":"2019-10-20T05:25:48","modified_gmt":"2019-10-20T09:25:48","slug":"le-rcd-qualifie-les-tribunaux-de-simples-chambres-de-relais-rien-ne-justifie-le-maintien-en-detention-des-manifestants","status":"publish","type":"post","link":"https:\/\/linitiative.ca\/International\/le-rcd-qualifie-les-tribunaux-de-simples-chambres-de-relais-rien-ne-justifie-le-maintien-en-detention-des-manifestants\/","title":{"rendered":"Le RCD qualifie les tribunaux de simples chambres de relais : \u00abRien ne justifie le maintien en d\u00e9tention des manifestants\u00bb"},"content":{"rendered":"<h4 class=\"title-14\"\/>\n<div class=\"featured_image\"><img width=\"620\" height=\"413\" data-cfsrc=\"https:\/\/www.elwatan.com\/wp-content\/uploads\/2019\/10\/mohcine-.jpg\" class=\"attachment-post-thumbnail size-post-thumbnail wp-post-image c2\" alt=\"Le RCD qualifie les tribunaux de simples chambres de relais : \u00abRien ne justifie le maintien en d\u00e9tention des manifestants\u00bb\" srcset=\"https:\/\/www.elwatan.com\/wp-content\/uploads\/2019\/10\/mohcine-.jpg 620w, https:\/\/www.elwatan.com\/wp-content\/uploads\/2019\/10\/mohcine--300x200.jpg 300w\" sizes=\"(max-width: 620px) 100vw, 620px\"\/><noscript><\/p>\n<p><img loading=\"lazy\" decoding=\"async\" width=\"620\" height=\"413\" src=\"https:\/\/www.elwatan.com\/wp-content\/uploads\/2019\/10\/mohcine-.jpg\" class=\"attachment-post-thumbnail size-post-thumbnail wp-post-image\" alt=\"Le RCD qualifie les tribunaux de simples chambres de relais : \u00abRien ne justifie le maintien en d\u00e9tention des manifestants\u00bb\" srcset=\"https:\/\/www.elwatan.com\/wp-content\/uploads\/2019\/10\/mohcine-.jpg 620w, https:\/\/www.elwatan.com\/wp-content\/uploads\/2019\/10\/mohcine--300x200.jpg 300w\" sizes=\"auto, (max-width: 620px) 100vw, 620px\"\/><\/p>\n<p><\/noscript> <span class=\"featured-image-caption\">Mohcine Belabbas, pr\u00e9sident du RCD<\/span><\/div>\n<p class=\"p1\"><span class=\"s1\"><strong>L<\/strong><\/span><span class=\"s2\">e RCD ne d\u00e9roge pas \u00e0 la r\u00e8gle. En analysant la situation politique du pays, marqu\u00e9e par une mont\u00e9e exceptionnelle de la mobilisation populaire contre la tenue de la pr\u00e9sidentielle et la poursuite de la politique de bradage de nos richesses, le parti dirig\u00e9 par Mohcine Belabbas a d\u00e9nonc\u00e9 l\u2019obstination du chef de l\u2019\u00e9tat-major de l\u2019arm\u00e9e, Ga\u00efd Salah, \u00e0 vouloir installer <em>\u00abun Pr\u00e9sident potiche\u00bb<\/em> ainsi que les <em>\u00abinjonctions au gouvernement pour ouvrir les secteurs juteux aux multinationales\u00bb<\/em>. Pour le RCD, il s\u2019agit l\u00e0 d\u2019une provocation contre le peuple en r\u00e9volution.<\/span><\/p>\n<p class=\"p2\"><span class=\"s2\">R\u00e9uni ce week-end, le secr\u00e9tariat national de cette formation politique estime que le pouvoir, au-del\u00e0 du caract\u00e8re antinational de la d\u00e9marche, \u00e9tale son d\u00e9sarroi devant une contestation qui revendique la rupture avec un ordre qui s\u2019est \u00e9tabli contre la volont\u00e9 du peuple. Le RCD salue \u00e0 cet effet <em>\u00abl\u2019extraordinaire mobilisation des citoyens contre le projet de loi sur les hydrocarbures et le projet de loi de finances qui introduit des dispositions que seul un pouvoir l\u00e9gitime et l\u00e9gal peut engager\u00bb<\/em>. L\u2019appareil judiciaire n\u2019a pas \u00e9chapp\u00e9 aux critiques du parti.<\/span><\/p>\n<p class=\"p2\"><span class=\"s2\">Pour le RCD, les tribunaux, \u00e0 l\u2019instar de celui de Sidi M\u2019hamed, sont devenus, aujourd\u2019hui, de simple chambres de relais d\u2019un centre de d\u00e9cisions qui r\u00e9gente la vie judiciaire selon ses desiderata. <em>\u00abRien ne peut justifier le maintien en d\u00e9tention de citoyens qui n\u2019ont commis comme \u201cd\u00e9lits\u201d que celui de manifester pacifiquement pour d\u00e9fendre la libert\u00e9 et la souverainet\u00e9 de leur peuple\u00bb<\/em>, d\u00e9clare le RCD, fustigeant par la m\u00eame l\u2019annonce faite par le pouvoir et portant sur la r\u00e9vision du code de proc\u00e9dure p\u00e9nale, qui donne tous les pouvoirs \u00e0 la police judiciaire sans contr\u00f4le du procureur de la R\u00e9publique.<\/span><\/p>\n<p class=\"p2\"><span class=\"s2\">L\u2019heure, affirme la formation de Mohcine Belabbas, n\u2019est pas \u00e0 la singularisation, le RCD, dit-elle, \u0153uvre, avec d\u2019autres forces et courants politiques et de la soci\u00e9t\u00e9 civile, pour populariser et regrouper le plus grand nombre d\u2019acteurs autour d\u2019une plateforme de transition avec ses instruments et ses m\u00e9canismes.<\/span><\/p>\n<p class=\"p2\"><span class=\"s2\">L\u2019objectif, de l\u2019avis du RCD, est de faire de l\u2019implantation des forces du Pacte pour l\u2019alternative d\u00e9mocratique, \u00e0 travers diff\u00e9rentes wilayas, des lieux de d\u00e9bats, d\u2019animation et de structuration du projet de transition. <em>\u00abC\u2019est \u00e0 cette seule condition que nous pourrons aider \u00e0 concr\u00e9tiser un rapport de force en faveur d\u2019une transition d\u00e9mocratique et pacifique. Le RCD, qui se place dans la perspective<\/em> <em>de l\u2019ordre nouveau qui\u00a0met fin \u2018\u2018\u00e0 la tutelle politique exerc\u00e9e par le commandement de l\u2019arm\u00e9e\u2019\u2019 sur la vie de la nation, estime qu\u2019apr\u00e8s la disqualification par le mouvement populaire de la pr\u00e9sidentielle convoqu\u00e9e pour le 12 d\u00e9cembre, la d\u00e9marcation de cet agenda de la part de l\u2019essentiel de la classe politique place ce pouvoir de fait en face de lui-m\u00eame.\u00bb<\/em><\/span><\/p>\n<p class=\"p2\"><span class=\"s2\">Le RCD condamne, par ailleurs, la cabale mont\u00e9e contre le militant Abdelghani Ouali, devenu la cible sur les r\u00e9seaux sociaux d\u2019un groupe se r\u00e9clamant de l\u2019ANP (groupe de A.N.P) au motif qu\u2019il serait \u00e0 la t\u00eate d\u2019une organisation qui se charge de lancer des mots d\u2019ordre contre l\u2019institution militaire dans les rues d\u2019Alger. <em>\u00abNotre parti, qui ne s\u2019inscrit dans aucun combat clanique et encore moins un adepte des organisations secr\u00e8tes, son histoire et ses luttes le d\u00e9montrent, appelle les organes concern\u00e9s \u00e0 mettre fin \u00e0 ces intimidations et \u00e0 de telles pratiques\u00bb,<\/em> insiste le RCD.<\/span><\/p>\n<p><span class=\"post-views-label\">Post Views:<\/span> <span class=\"post-views-count\">1\u00a0745<\/span><\/p>\n<p><br class=\"c4\"\/><\/p>\n<p>Auteur: Hicham Chouadria<br \/>\n<a href=\"https:\/\/www.elwatan.com\/edition\/actualite\/le-rcd-qualifie-les-tribunaux-de-simples-chambres-de-relais-rien-ne-justifie-le-maintien-en-detention-des-manifestants-20-10-2019\">Cliquez ici pour lire l&rsquo;article depuis sa source.<\/a><\/p>\n","protected":false},"excerpt":{"rendered":"<p>Mohcine Belabbas, pr\u00e9sident du RCD Le RCD ne d\u00e9roge pas \u00e0 la r\u00e8gle. En analysant la situation politique du pays, marqu\u00e9e par une mont\u00e9e exceptionnelle de la mobilisation populaire contre la tenue de la pr\u00e9sidentielle et la poursuite de la politique de bradage de nos richesses, le parti dirig\u00e9 par Mohcine Belabbas a d\u00e9nonc\u00e9 l\u2019obstination [&hellip;]<\/p>\n","protected":false},"author":1743,"featured_media":64976,"comment_status":"closed","ping_status":"closed","sticky":false,"template":"","format":"standard","meta":{"fifu_image_url":"","fifu_image_alt":"","footnotes":""},"categories":[73,53],"tags":[],"class_list":["post-64975","post","type-post","status-publish","format-standard","has-post-thumbnail","hentry","category-actualite","category-algerie"],"_links":{"self":[{"href":"https:\/\/linitiative.ca\/International\/wp-json\/wp\/v2\/posts\/64975","targetHints":{"allow":["GET"]}}],"collection":[{"href":"https:\/\/linitiative.ca\/International\/wp-json\/wp\/v2\/posts"}],"about":[{"href":"https:\/\/linitiative.ca\/International\/wp-json\/wp\/v2\/types\/post"}],"author":[{"embeddable":true,"href":"https:\/\/linitiative.ca\/International\/wp-json\/wp\/v2\/users\/1743"}],"replies":[{"embeddable":true,"href":"https:\/\/linitiative.ca\/International\/wp-json\/wp\/v2\/comments?post=64975"}],"version-history":[{"count":0,"href":"https:\/\/linitiative.ca\/International\/wp-json\/wp\/v2\/posts\/64975\/revisions"}],"wp:featuredmedia":[{"embeddable":true,"href":"https:\/\/linitiative.ca\/International\/wp-json\/"}],"wp:attachment":[{"href":"https:\/\/linitiative.ca\/International\/wp-json\/wp\/v2\/media?parent=64975"}],"wp:term":[{"taxonomy":"category","embeddable":true,"href":"https:\/\/linitiative.ca\/International\/wp-json\/wp\/v2\/categories?post=64975"},{"taxonomy":"post_tag","embeddable":true,"href":"https:\/\/linitiative.ca\/International\/wp-json\/wp\/v2\/tags?post=64975"}],"curies":[{"name":"wp","href":"https:\/\/api.w.org\/{rel}","templated":true}]}}