{"id":64979,"date":"2019-10-20T06:26:51","date_gmt":"2019-10-20T10:26:51","guid":{"rendered":"https:\/\/linitiative.ca\/International\/le-responsable-du-pra-a-chlef-retrouve-mort-dans-son-bureau\/"},"modified":"2019-10-20T06:26:51","modified_gmt":"2019-10-20T10:26:51","slug":"le-responsable-du-pra-a-chlef-retrouve-mort-dans-son-bureau","status":"publish","type":"post","link":"https:\/\/linitiative.ca\/International\/le-responsable-du-pra-a-chlef-retrouve-mort-dans-son-bureau\/","title":{"rendered":"Le responsable du PRA \u00e0 Chlef retrouv\u00e9 mort dans son bureau"},"content":{"rendered":"<h4 class=\"title-14\"\/>\n<p>Hier samedi en fin d\u2019apr\u00e8s-midi, le pr\u00e9sident du bureau de wilaya du PRA (parti du renouveau alg\u00e9rien) de Chlef, Chenoufi Mohamed, a \u00e9t\u00e9 retrouv\u00e9 mort dans son bureau, au rez-de-chauss\u00e9e\u00a0d\u2019un b\u00e2timent, dans le m\u00eame bloc que partagent les repr\u00e9sentations du RCD, du MSP, l\u2019association La Citoyennet\u00e9 et le bureau des scouts alg\u00e9riens.<\/p>\n<p>Le corps sans vie a \u00e9t\u00e9 d\u00e9couvert allong\u00e9 sur le sol avant d\u2019\u00eatre transport\u00e9 \u00e0 l\u2019h\u00f4pital de la ville pour autopsie. Le procureur de la r\u00e9publique pr\u00e8s le tribunal de Chlef s\u2019est rendu sur les lieux o\u00f9 une \u00e9quipe de la police scientifique \u00e9tait \u00e9galement \u00e0 pied d\u2019\u0153uvre pour les besoins de l\u2019enqu\u00eate.<\/p>\n<p>Si certains parlent d\u2019une mort subite,\u00a0 il\u00a0 faudra certainement attendre la fin des investigations pour connaitre l\u2019origine exacte du d\u00e9c\u00e8s du responsable du PRA \u00e0 Chlef. Ce dernier faisait \u00e9galement partie de la coordination des cit\u00e9s en pr\u00e9fabriqu\u00e9 construites apr\u00e8s le s\u00e9isme de 1980. Il \u00e9tait pleinement engag\u00e9 dans la d\u00e9fense des occupants de ce type d\u2019habitat qui r\u00e9clamaient une prise en charge de leurs habitations pr\u00e9caires<\/p>\n<p><span class=\"post-views-label\">Post Views:<\/span> <span class=\"post-views-count\">3\u00a0486<\/span><\/p>\n<p><br class=\"c4\"\/><\/p>\n<p>Auteur: Farouk Djouadi<br \/>\n<a href=\"https:\/\/www.elwatan.com\/edition\/actualite\/le-responsable-du-pra-a-chlef-retrouve-mort-dans-son-bureau-20-10-2019\">Cliquez ici pour lire l&rsquo;article depuis sa source.<\/a><\/p>\n","protected":false},"excerpt":{"rendered":"<p>Hier samedi en fin d\u2019apr\u00e8s-midi, le pr\u00e9sident du bureau de wilaya du PRA (parti du renouveau alg\u00e9rien) de Chlef, Chenoufi Mohamed, a \u00e9t\u00e9 retrouv\u00e9 mort dans son bureau, au rez-de-chauss\u00e9e\u00a0d\u2019un b\u00e2timent, dans le m\u00eame bloc que partagent les repr\u00e9sentations du RCD, du MSP, l\u2019association La Citoyennet\u00e9 et le bureau des scouts alg\u00e9riens. Le corps sans [&hellip;]<\/p>\n","protected":false},"author":1743,"featured_media":0,"comment_status":"closed","ping_status":"closed","sticky":false,"template":"","format":"standard","meta":{"fifu_image_url":"","fifu_image_alt":"","footnotes":""},"categories":[73,53],"tags":[],"class_list":["post-64979","post","type-post","status-publish","format-standard","hentry","category-actualite","category-algerie"],"_links":{"self":[{"href":"https:\/\/linitiative.ca\/International\/wp-json\/wp\/v2\/posts\/64979","targetHints":{"allow":["GET"]}}],"collection":[{"href":"https:\/\/linitiative.ca\/International\/wp-json\/wp\/v2\/posts"}],"about":[{"href":"https:\/\/linitiative.ca\/International\/wp-json\/wp\/v2\/types\/post"}],"author":[{"embeddable":true,"href":"https:\/\/linitiative.ca\/International\/wp-json\/wp\/v2\/users\/1743"}],"replies":[{"embeddable":true,"href":"https:\/\/linitiative.ca\/International\/wp-json\/wp\/v2\/comments?post=64979"}],"version-history":[{"count":0,"href":"https:\/\/linitiative.ca\/International\/wp-json\/wp\/v2\/posts\/64979\/revisions"}],"wp:attachment":[{"href":"https:\/\/linitiative.ca\/International\/wp-json\/wp\/v2\/media?parent=64979"}],"wp:term":[{"taxonomy":"category","embeddable":true,"href":"https:\/\/linitiative.ca\/International\/wp-json\/wp\/v2\/categories?post=64979"},{"taxonomy":"post_tag","embeddable":true,"href":"https:\/\/linitiative.ca\/International\/wp-json\/wp\/v2\/tags?post=64979"}],"curies":[{"name":"wp","href":"https:\/\/api.w.org\/{rel}","templated":true}]}}