{"id":64980,"date":"2019-10-20T08:41:40","date_gmt":"2019-10-20T12:41:40","guid":{"rendered":"https:\/\/linitiative.ca\/International\/abdellaoui-ahmed-devant-le-juge-dinstruction-pres-le-tribunal-de-sidi-bel-abbes\/"},"modified":"2019-10-20T08:41:40","modified_gmt":"2019-10-20T12:41:40","slug":"abdellaoui-ahmed-devant-le-juge-dinstruction-pres-le-tribunal-de-sidi-bel-abbes","status":"publish","type":"post","link":"https:\/\/linitiative.ca\/International\/abdellaoui-ahmed-devant-le-juge-dinstruction-pres-le-tribunal-de-sidi-bel-abbes\/","title":{"rendered":"Abdellaoui Ahmed devant le juge d\u2019instruction pr\u00e8s le tribunal de Sidi Bel Abb\u00e8s"},"content":{"rendered":"<h4 class=\"title-14\"\/>\n<div class=\"featured_image\"><img width=\"573\" height=\"959\" data-cfsrc=\"https:\/\/www.elwatan.com\/wp-content\/uploads\/2019\/10\/received_1136670879875001-1.jpeg\" class=\"attachment-post-thumbnail size-post-thumbnail wp-post-image c2\" alt=\"\" srcset=\"https:\/\/www.elwatan.com\/wp-content\/uploads\/2019\/10\/received_1136670879875001-1.jpeg 573w, https:\/\/www.elwatan.com\/wp-content\/uploads\/2019\/10\/received_1136670879875001-1-179x300.jpeg 179w\" sizes=\"(max-width: 573px) 100vw, 573px\"\/><noscript><\/p>\n<p><img loading=\"lazy\" decoding=\"async\" width=\"573\" height=\"959\" src=\"https:\/\/www.elwatan.com\/wp-content\/uploads\/2019\/10\/received_1136670879875001-1.jpeg\" class=\"attachment-post-thumbnail size-post-thumbnail wp-post-image\" alt=\"\" srcset=\"https:\/\/www.elwatan.com\/wp-content\/uploads\/2019\/10\/received_1136670879875001-1.jpeg 573w, https:\/\/www.elwatan.com\/wp-content\/uploads\/2019\/10\/received_1136670879875001-1-179x300.jpeg 179w\" sizes=\"auto, (max-width: 573px) 100vw, 573px\"\/><\/p>\n<p><\/noscript><\/div>\n<p>Abdellaoui Ahmed (42 ans), interpell\u00e9 jeudi \u00e0 son domicile par les services de s\u00e9curit\u00e9, comparaitra ce dimanche 20 octobre 2019, en d\u00e9but d\u2019apr\u00e8s-midi, devant le juge d\u2019instruction pr\u00e9s tribunal de Sidi Bel Abb\u00e8s, indique Me Kerma, membre du collectif de d\u00e9fense.<\/p>\n<p>D\u00e9f\u00e9r\u00e9 ce matin devant le procureur de la R\u00e9publique pr\u00e8s le tribunal de Sidi Bel Abb\u00e8s, Abdellaoui Ahmed est poursuivi pour \u00ab outrage envers un corps constitu\u00e9 \u00bb, selon ses avocats.<\/p>\n<p>L\u2019interpellation du jeune activiste avait suscit\u00e9 une vive inqui\u00e9tude chez l\u2019opinion publique \u00e9tant donn\u00e9 que ni le lieu, ni le motif de son interpellation n\u2019a \u00e9t\u00e9 communiqu\u00e9 \u00e0 ses proches durant plus de 48h.<\/p>\n<p>\u00ab D\u00e8s son interpellation, nous avons contact\u00e9 toutes les instances habilit\u00e9es pour s\u2019enqu\u00e9rir de la situation de Abdellaoui, mais en vain \u00bb, pr\u00e9cise Me Kerma.<\/p>\n<p>Juste apr\u00e8s son transfert vers tribunal par les \u00e9l\u00e9ments de la Brigade de recherche et d\u2019intervention (BRI), des dizaines de citoyens du hirak se sont rassembl\u00e9es devant le Palais de justice en guise de solidarit\u00e9 avec le mis en cause.<\/p>\n<p><span class=\"post-views-label\">Post Views:<\/span> <span class=\"post-views-count\">1\u00a0719<\/span><\/p>\n<p><br class=\"c4\"\/><\/p>\n<p>Auteur: Mohand Yahiaoui<br \/>\n<a href=\"https:\/\/www.elwatan.com\/edition\/actualite\/abdellaoui-ahmed-devant-le-juge-dinstruction-pres-le-tribunal-de-sidi-bel-abbes-20-10-2019\">Cliquez ici pour lire l&rsquo;article depuis sa source.<\/a><\/p>\n","protected":false},"excerpt":{"rendered":"<p>Abdellaoui Ahmed (42 ans), interpell\u00e9 jeudi \u00e0 son domicile par les services de s\u00e9curit\u00e9, comparaitra ce dimanche 20 octobre 2019, en d\u00e9but d\u2019apr\u00e8s-midi, devant le juge d\u2019instruction pr\u00e9s tribunal de Sidi Bel Abb\u00e8s, indique Me Kerma, membre du collectif de d\u00e9fense. D\u00e9f\u00e9r\u00e9 ce matin devant le procureur de la R\u00e9publique pr\u00e8s le tribunal de Sidi [&hellip;]<\/p>\n","protected":false},"author":1743,"featured_media":64981,"comment_status":"closed","ping_status":"closed","sticky":false,"template":"","format":"standard","meta":{"fifu_image_url":"","fifu_image_alt":"","footnotes":""},"categories":[73,53],"tags":[],"class_list":["post-64980","post","type-post","status-publish","format-standard","has-post-thumbnail","hentry","category-actualite","category-algerie"],"_links":{"self":[{"href":"https:\/\/linitiative.ca\/International\/wp-json\/wp\/v2\/posts\/64980","targetHints":{"allow":["GET"]}}],"collection":[{"href":"https:\/\/linitiative.ca\/International\/wp-json\/wp\/v2\/posts"}],"about":[{"href":"https:\/\/linitiative.ca\/International\/wp-json\/wp\/v2\/types\/post"}],"author":[{"embeddable":true,"href":"https:\/\/linitiative.ca\/International\/wp-json\/wp\/v2\/users\/1743"}],"replies":[{"embeddable":true,"href":"https:\/\/linitiative.ca\/International\/wp-json\/wp\/v2\/comments?post=64980"}],"version-history":[{"count":0,"href":"https:\/\/linitiative.ca\/International\/wp-json\/wp\/v2\/posts\/64980\/revisions"}],"wp:featuredmedia":[{"embeddable":true,"href":"https:\/\/linitiative.ca\/International\/wp-json\/"}],"wp:attachment":[{"href":"https:\/\/linitiative.ca\/International\/wp-json\/wp\/v2\/media?parent=64980"}],"wp:term":[{"taxonomy":"category","embeddable":true,"href":"https:\/\/linitiative.ca\/International\/wp-json\/wp\/v2\/categories?post=64980"},{"taxonomy":"post_tag","embeddable":true,"href":"https:\/\/linitiative.ca\/International\/wp-json\/wp\/v2\/tags?post=64980"}],"curies":[{"name":"wp","href":"https:\/\/api.w.org\/{rel}","templated":true}]}}