{"id":64982,"date":"2019-10-20T12:20:11","date_gmt":"2019-10-20T16:20:11","guid":{"rendered":"https:\/\/linitiative.ca\/International\/abdellaoui-ahmed-place-en-detention\/"},"modified":"2019-10-20T12:20:11","modified_gmt":"2019-10-20T16:20:11","slug":"abdellaoui-ahmed-place-en-detention","status":"publish","type":"post","link":"https:\/\/linitiative.ca\/International\/abdellaoui-ahmed-place-en-detention\/","title":{"rendered":"Abdellaoui Ahmed plac\u00e9 en d\u00e9tention"},"content":{"rendered":"<h4 class=\"title-14\"\/>\n<div class=\"featured_image\"><img width=\"573\" height=\"959\" data-cfsrc=\"https:\/\/www.elwatan.com\/wp-content\/uploads\/2019\/10\/received_1136670879875001-2.jpeg\" class=\"attachment-post-thumbnail size-post-thumbnail wp-post-image c2\" alt=\"\" srcset=\"https:\/\/www.elwatan.com\/wp-content\/uploads\/2019\/10\/received_1136670879875001-2.jpeg 573w, https:\/\/www.elwatan.com\/wp-content\/uploads\/2019\/10\/received_1136670879875001-2-179x300.jpeg 179w\" sizes=\"(max-width: 573px) 100vw, 573px\"\/><noscript><\/p>\n<p><img loading=\"lazy\" decoding=\"async\" width=\"573\" height=\"959\" src=\"https:\/\/www.elwatan.com\/wp-content\/uploads\/2019\/10\/received_1136670879875001-2.jpeg\" class=\"attachment-post-thumbnail size-post-thumbnail wp-post-image\" alt=\"\" srcset=\"https:\/\/www.elwatan.com\/wp-content\/uploads\/2019\/10\/received_1136670879875001-2.jpeg 573w, https:\/\/www.elwatan.com\/wp-content\/uploads\/2019\/10\/received_1136670879875001-2-179x300.jpeg 179w\" sizes=\"auto, (max-width: 573px) 100vw, 573px\"\/><\/p>\n<p><\/noscript><\/div>\n<p>( Actualis\u00e9) Abdellaoui Ahmed plac\u00e9 en d\u00e9tention par le juge d\u2019instruction pr\u00e8s le tribunal de Sidi Bel Abb\u00e8s<\/p>\n<p>Abdellaoui Bendida Ahmed (42 ans) a \u00e9t\u00e9 pr\u00e9sent\u00e9 ce dimanche 20 octobre 2019, dans l\u2019apr\u00e8s-midi, devant le juge d\u2019instruction pr\u00e9s tribunal de Sidi Bel Abb\u00e8s qui a d\u00e9cid\u00e9 de le placer en d\u00e9tention, selon Me Kerma, membre du collectif de d\u00e9fense.<\/p>\n<p>D\u00e9f\u00e9r\u00e9 ce matin devant le procureur de la R\u00e9publique pr\u00e8s le tribunal de Sidi Bel Abb\u00e8s, Abdellaoui Ahmed est poursuivi pour \u00ab outrage envers un corps constitu\u00e9 \u00bb et \u00ab atteinte \u00e0 l\u2019unit\u00e9 nationale \u00bb, selon ses avocats.<\/p>\n<p>Sans nouvelles de lui depuis jeudi dernier, Abdellaoui est arriv\u00e9 ce matin au tribunal menott\u00e9 et escort\u00e9 par des \u00e9l\u00e9ments de la Brigade de recherche et d\u2019intervention (BRI).<\/p>\n<p>Il a \u00e9t\u00e9 interpell\u00e9 en son domicile par des agents en civil apr\u00e8s la diffusion de vid\u00e9os critiques \u00e0 l\u2019endroit du chef d\u2019\u00e9tat-major de l\u2019ANP.<\/p>\n<p>L\u2019interpellation du jeune activiste avait suscit\u00e9 une vive inqui\u00e9tude chez l\u2019opinion publique puisque personne n\u2019a \u00e9t\u00e9 mis en courant du lieu o\u00f9 il se trouvait ni du motif de son interpellation.<\/p>\n<p>\u00ab Les droits de Abdellaoui n\u2019ont pas \u00e9t\u00e9 respect\u00e9s comme le stipule la proc\u00e9dure judicaire \u00bb, souligne des avocats.<\/p>\n<p>Des dizaines de citoyens se sont rassembl\u00e9es devant le Palais de justice en guise de solidarit\u00e9 avec le mis en cause tout en d\u00e9non\u00e7ant la \u00ab main lourde de la justice envers les activistes du hirak \u00bb.<\/p>\n<p><span class=\"post-views-label\">Post Views:<\/span> <span class=\"post-views-count\">5\u00a0138<\/span><\/p>\n<p><br class=\"c5\"\/><br \/>\nAuteur: Farouk Djouadi<br \/>\n<a href=\"https:\/\/www.elwatan.com\/edition\/actualite\/abdellaoui-ahmed-place-en-detention-20-10-2019\">Cliquez ici pour lire l&rsquo;article depuis sa source.<\/a><\/p>\n","protected":false},"excerpt":{"rendered":"<p>( Actualis\u00e9) Abdellaoui Ahmed plac\u00e9 en d\u00e9tention par le juge d\u2019instruction pr\u00e8s le tribunal de Sidi Bel Abb\u00e8s Abdellaoui Bendida Ahmed (42 ans) a \u00e9t\u00e9 pr\u00e9sent\u00e9 ce dimanche 20 octobre 2019, dans l\u2019apr\u00e8s-midi, devant le juge d\u2019instruction pr\u00e9s tribunal de Sidi Bel Abb\u00e8s qui a d\u00e9cid\u00e9 de le placer en d\u00e9tention, selon Me Kerma, membre [&hellip;]<\/p>\n","protected":false},"author":1743,"featured_media":64983,"comment_status":"closed","ping_status":"closed","sticky":false,"template":"","format":"standard","meta":{"fifu_image_url":"","fifu_image_alt":"","footnotes":""},"categories":[73,53],"tags":[],"class_list":["post-64982","post","type-post","status-publish","format-standard","has-post-thumbnail","hentry","category-actualite","category-algerie"],"_links":{"self":[{"href":"https:\/\/linitiative.ca\/International\/wp-json\/wp\/v2\/posts\/64982","targetHints":{"allow":["GET"]}}],"collection":[{"href":"https:\/\/linitiative.ca\/International\/wp-json\/wp\/v2\/posts"}],"about":[{"href":"https:\/\/linitiative.ca\/International\/wp-json\/wp\/v2\/types\/post"}],"author":[{"embeddable":true,"href":"https:\/\/linitiative.ca\/International\/wp-json\/wp\/v2\/users\/1743"}],"replies":[{"embeddable":true,"href":"https:\/\/linitiative.ca\/International\/wp-json\/wp\/v2\/comments?post=64982"}],"version-history":[{"count":0,"href":"https:\/\/linitiative.ca\/International\/wp-json\/wp\/v2\/posts\/64982\/revisions"}],"wp:featuredmedia":[{"embeddable":true,"href":"https:\/\/linitiative.ca\/International\/wp-json\/"}],"wp:attachment":[{"href":"https:\/\/linitiative.ca\/International\/wp-json\/wp\/v2\/media?parent=64982"}],"wp:term":[{"taxonomy":"category","embeddable":true,"href":"https:\/\/linitiative.ca\/International\/wp-json\/wp\/v2\/categories?post=64982"},{"taxonomy":"post_tag","embeddable":true,"href":"https:\/\/linitiative.ca\/International\/wp-json\/wp\/v2\/tags?post=64982"}],"curies":[{"name":"wp","href":"https:\/\/api.w.org\/{rel}","templated":true}]}}