{"id":64990,"date":"2019-10-20T06:00:00","date_gmt":"2019-10-20T10:00:00","guid":{"rendered":"https:\/\/linitiative.ca\/International\/la-betaillere\/"},"modified":"2019-10-20T06:00:00","modified_gmt":"2019-10-20T10:00:00","slug":"la-betaillere","status":"publish","type":"post","link":"https:\/\/linitiative.ca\/International\/la-betaillere\/","title":{"rendered":"La b\u00e9taill\u00e8re !"},"content":{"rendered":"<p>Tebboune a r\u00e9affirm\u00e9 les grandes lignes de son<br \/>programme : \u00ab S\u00e9parer la politique de l\u2019argent .\u00bb<br \/>Il a raison ! Pas besoin de s\u2019encombrer de\u2026<\/p>\n<p><strong>\u2026 la politique !<br \/><\/strong><br \/>Ne me dites surtout pas que c\u2019est un hasard ! Je ne crois pas un seul instant en ce genre de \u00abhasards \u00bb. On ne me la fait pas \u00e0 moi. Je connais le syst\u00e8me. Son mode de fonctionnement. Ses m\u00e9thodes. Ses signaux forts. Et sa mani\u00e8re d\u2019enfoncer encore plus ceux qu\u2019il a dans le viseur. Et celle-l\u00e0, celle-l\u00e0 pr\u00e9cis\u00e9ment, c\u2019est la signature \u00ab parfaite \u00bb du syst\u00e8me. Son empreinte terrible. Son ADN f\u00e9roce. Beaucoup pourtant n\u2019y ont pas vu de message subliminal ou de volont\u00e9 claire de porter l\u2019estocade. Ils ont juste libell\u00e9 la chose comme banale, allant de soi, ne voyant dans cette affaire que le fond, le contenu. Pourtant, pour les initi\u00e9s dont je fais partie, tout \u00e9tait, cette fois, dans le contenant. Oui ! L\u2019opinion haletante \u00e9carquillait les yeux pour voir s\u2019il \u00e9tait \u00e0 l\u2019int\u00e9rieur. Alors qu\u2019il fallait plut\u00f4t regarder l\u2019ext\u00e9rieur, ce qui enveloppait la chose. Pas besoin de s\u2019exploser les r\u00e9tines \u00e0 scanner la t\u00f4le. Juste poser son regard sur cette t\u00f4le, ce mod\u00e8le-l\u00e0. Ah ! Ce mod\u00e8le ! D\u2019un regard, et tout est dit ! Les autres, tous les autres \u00ab convoy\u00e9s \u00bb ont eu droit aux fourgons Mercedes. Parfois \u00e0 des limousines Volkswagen. Mais lui ! Lui a \u00abh\u00e9rit\u00e9 \u00bb du\u2026 Renault Kangoo ! Comment te dire ? Dans le jargon des sp\u00e9cialistes de l\u2019automobile, chez les initi\u00e9s de la tutute et de la guimbarde, on consid\u00e8re \u00e0 l\u2019unanimit\u00e9 que le Kangoo est le roi incontest\u00e9 de la cat\u00e9gorie \u00ab voiture la plus moche de la plan\u00e8te \u00bb. Pour te donner une id\u00e9e, chez Renault Maison M\u00e8re, on consid\u00e8re, \u00e0 juste titre, que ce n\u2019est pas Carlos Ghosn qui aurait d\u00fb \u00eatre mis en prison, mais le cr\u00e9ateur et designer du Kangoo ! Eh ben, c\u2019est dans le mod\u00e8le-l\u00e0 que Tliba a \u00e9t\u00e9 conduit chez le juge, puis au p\u00e9nitencier. Jusqu\u2019\u00e0 ces derniers moments de libert\u00e9, ils lui en auront fait baver. D\u2019El-Oued \u00e0 El-Harrach, avec pour seule transition, la banquette arri\u00e8re du Kangoo Diesel 1.5, Blanc Mat, c\u2019est vache, tout de m\u00eame ! Je fume du th\u00e9 et je reste \u00e9veill\u00e9, le cauchemar continue.<br \/>H. L.<\/p>\n<p>Auteur:<br \/>\n<a href=\"https:\/\/www.lesoirdalgerie.com\/pousse-avec-eux\/la-betaillere-32134\">Cliquez ici pour lire l&rsquo;article depuis sa source.<\/a><\/p>\n","protected":false},"excerpt":{"rendered":"<p>Tebboune a r\u00e9affirm\u00e9 les grandes lignes de sonprogramme : \u00ab S\u00e9parer la politique de l\u2019argent .\u00bbIl a raison ! Pas besoin de s\u2019encombrer de\u2026 \u2026 la politique !Ne me dites surtout pas que c\u2019est un hasard ! Je ne crois pas un seul instant en ce genre de \u00abhasards \u00bb. On ne me la fait [&hellip;]<\/p>\n","protected":false},"author":1741,"featured_media":0,"comment_status":"closed","ping_status":"closed","sticky":false,"template":"","format":"standard","meta":{"fifu_image_url":"","fifu_image_alt":"","footnotes":""},"categories":[73,53],"tags":[],"class_list":["post-64990","post","type-post","status-publish","format-standard","hentry","category-actualite","category-algerie"],"_links":{"self":[{"href":"https:\/\/linitiative.ca\/International\/wp-json\/wp\/v2\/posts\/64990","targetHints":{"allow":["GET"]}}],"collection":[{"href":"https:\/\/linitiative.ca\/International\/wp-json\/wp\/v2\/posts"}],"about":[{"href":"https:\/\/linitiative.ca\/International\/wp-json\/wp\/v2\/types\/post"}],"author":[{"embeddable":true,"href":"https:\/\/linitiative.ca\/International\/wp-json\/wp\/v2\/users\/1741"}],"replies":[{"embeddable":true,"href":"https:\/\/linitiative.ca\/International\/wp-json\/wp\/v2\/comments?post=64990"}],"version-history":[{"count":0,"href":"https:\/\/linitiative.ca\/International\/wp-json\/wp\/v2\/posts\/64990\/revisions"}],"wp:attachment":[{"href":"https:\/\/linitiative.ca\/International\/wp-json\/wp\/v2\/media?parent=64990"}],"wp:term":[{"taxonomy":"category","embeddable":true,"href":"https:\/\/linitiative.ca\/International\/wp-json\/wp\/v2\/categories?post=64990"},{"taxonomy":"post_tag","embeddable":true,"href":"https:\/\/linitiative.ca\/International\/wp-json\/wp\/v2\/tags?post=64990"}],"curies":[{"name":"wp","href":"https:\/\/api.w.org\/{rel}","templated":true}]}}