{"id":65006,"date":"2019-10-20T17:01:24","date_gmt":"2019-10-20T21:01:24","guid":{"rendered":"https:\/\/linitiative.ca\/International\/tunisie-derniere-minute-audio-la-choura-va-proposer-a-ghannouchi-la-presidence-du-prochain-gouvernement\/"},"modified":"2019-10-20T17:01:24","modified_gmt":"2019-10-20T21:01:24","slug":"tunisie-derniere-minute-audio-la-choura-va-proposer-a-ghannouchi-la-presidence-du-prochain-gouvernement","status":"publish","type":"post","link":"https:\/\/linitiative.ca\/International\/tunisie-derniere-minute-audio-la-choura-va-proposer-a-ghannouchi-la-presidence-du-prochain-gouvernement\/","title":{"rendered":"Tunisie \u2013 Derni\u00e8re minute\u00a0: AUDIO\u00a0: La Choura va proposer \u00e0 Ghannouchi la pr\u00e9sidence du prochain gouvernement"},"content":{"rendered":"<div class=\"post-cont-in left relative\">\n<div class=\"swp_social_panel swp_horizontal_panel swp_flat_fresh swp_default_full_color swp_individual_full_color swp_other_full_color scale-100 scale-\" data-min-width=\"1100\" data-float-color=\"#ffffff\" data-float=\"none\" data-float-mobile=\"none\" data-transition=\"slide\">\n<div class=\"nc_tweetContainer swp_share_button total_shares total_sharesalt\"><span class=\"swp_count\">1 <span class=\"swp_label\">Partages<\/span><\/span><\/div>\n<\/div>\n<p>Le pr\u00e9sident du conseil de la Choura d\u2019Ennahdha, AbdelkarimHarouni, a annonc\u00e9, ce dimanche soir, que l\u2019intention, au sein du conseil se dirige vers la proposition du pr\u00e9sident du parti Rached Ghannouchi \u00e0 la pr\u00e9sidence du prochain gouvernement. Mais, a-t-il ajout\u00e9, si Ghannouchi d\u00e9cide de se d\u00e9sister, \u00e7\u00e0 sera \u00e0 lui de proposer un autre nom. Nom que le conseil devra accepter ou refuser.<\/p>\n<p><a href=\"https:\/\/www.tunisienumerique.com\/wp-content\/uploads\/2019\/10\/A.-Harouni.mp3\">https:\/\/www.tunisienumerique.com\/wp-content\/uploads\/2019\/10\/A.-Harouni.mp3<\/a><\/p>\n<div class=\"code-block code-block-1 c3\"><ins class=\"adsbygoogle c2\" data-ad-layout=\"in-article\" data-ad-format=\"fluid\" data-ad-client=\"ca-pub-2102118777505746\" data-ad-slot=\"7301775417\"\/> <\/div>\n<p><strong>Que se passe-t-il en Tunisie?<\/strong><br \/>Nous expliquons sur notre <a href=\"https:\/\/www.youtube.com\/channel\/UCRzypVq0B_yBad5eGrwBx0Q?sub_confirmation=1\" target=\"_blank\" rel=\"noopener noreferrer\">cha\u00eene YouTube<\/a> . <a href=\"https:\/\/www.youtube.com\/channel\/UCRzypVq0B_yBad5eGrwBx0Q?sub_confirmation=1\" target=\"_blank\" rel=\"noopener noreferrer\">Abonnez-vous!<\/a><\/p>\n<div class=\"mvp-org-wrap mvp-org-logo\" itemprop=\"publisher\" itemscope=\"\" itemtype=\"https:\/\/schema.org\/Organization\"><img decoding=\"async\" src=\"https:\/\/www.tunisienumerique.com\/wp-content\/uploads\/2017\/02\/logo_tunisie_numerique.png\"\/><\/div>\n<div class=\"swp_social_panel swp_horizontal_panel swp_flat_fresh swp_default_full_color swp_individual_full_color swp_other_full_color scale-100 scale-\" data-min-width=\"1100\" data-float-color=\"#ffffff\" data-float=\"none\" data-float-mobile=\"none\" data-transition=\"slide\">\n<div class=\"nc_tweetContainer swp_share_button total_shares total_sharesalt\"><span class=\"swp_count\">1 <span class=\"swp_label\">Partages<\/span><\/span><\/div>\n<\/div>\n<div class=\"mvp-related-posts left relative\">\n<h4 class=\"post-header\"><span class=\"post-header\">Lire aussi<\/span><\/h4>\n<\/div>\n<\/div>\n<p>Auteur: LM<br \/>\n<a href=\"https:\/\/www.tunisienumerique.com\/tunisie-derniere-minute-audio-la-choura-va-proposer-a-ghannouchi-la-presidence-du-prochain-gouvernement\/\">Cliquez ici pour lire l&rsquo;article depuis sa source.<\/a><\/p>\n","protected":false},"excerpt":{"rendered":"<p>1 Partages Le pr\u00e9sident du conseil de la Choura d\u2019Ennahdha, AbdelkarimHarouni, a annonc\u00e9, ce dimanche soir, que l\u2019intention, au sein du conseil se dirige vers la proposition du pr\u00e9sident du parti Rached Ghannouchi \u00e0 la pr\u00e9sidence du prochain gouvernement. Mais, a-t-il ajout\u00e9, si Ghannouchi d\u00e9cide de se d\u00e9sister, \u00e7\u00e0 sera \u00e0 lui de proposer un [&hellip;]<\/p>\n","protected":false},"author":1789,"featured_media":65007,"comment_status":"closed","ping_status":"closed","sticky":false,"template":"","format":"standard","meta":{"fifu_image_url":"","fifu_image_alt":"","footnotes":""},"categories":[73,55],"tags":[],"class_list":["post-65006","post","type-post","status-publish","format-standard","has-post-thumbnail","hentry","category-actualite","category-tunisie"],"_links":{"self":[{"href":"https:\/\/linitiative.ca\/International\/wp-json\/wp\/v2\/posts\/65006","targetHints":{"allow":["GET"]}}],"collection":[{"href":"https:\/\/linitiative.ca\/International\/wp-json\/wp\/v2\/posts"}],"about":[{"href":"https:\/\/linitiative.ca\/International\/wp-json\/wp\/v2\/types\/post"}],"author":[{"embeddable":true,"href":"https:\/\/linitiative.ca\/International\/wp-json\/wp\/v2\/users\/1789"}],"replies":[{"embeddable":true,"href":"https:\/\/linitiative.ca\/International\/wp-json\/wp\/v2\/comments?post=65006"}],"version-history":[{"count":0,"href":"https:\/\/linitiative.ca\/International\/wp-json\/wp\/v2\/posts\/65006\/revisions"}],"wp:featuredmedia":[{"embeddable":true,"href":"https:\/\/linitiative.ca\/International\/wp-json\/"}],"wp:attachment":[{"href":"https:\/\/linitiative.ca\/International\/wp-json\/wp\/v2\/media?parent=65006"}],"wp:term":[{"taxonomy":"category","embeddable":true,"href":"https:\/\/linitiative.ca\/International\/wp-json\/wp\/v2\/categories?post=65006"},{"taxonomy":"post_tag","embeddable":true,"href":"https:\/\/linitiative.ca\/International\/wp-json\/wp\/v2\/tags?post=65006"}],"curies":[{"name":"wp","href":"https:\/\/api.w.org\/{rel}","templated":true}]}}