{"id":65010,"date":"2019-10-20T16:50:03","date_gmt":"2019-10-20T20:50:03","guid":{"rendered":"https:\/\/linitiative.ca\/International\/soudan-du-sud-le-chef-rebelle-machar-veut-reporter-la-formation-dun-gouvernement-dunion\/"},"modified":"2019-10-20T16:50:03","modified_gmt":"2019-10-20T20:50:03","slug":"soudan-du-sud-le-chef-rebelle-machar-veut-reporter-la-formation-dun-gouvernement-dunion","status":"publish","type":"post","link":"https:\/\/linitiative.ca\/International\/soudan-du-sud-le-chef-rebelle-machar-veut-reporter-la-formation-dun-gouvernement-dunion\/","title":{"rendered":"Soudan du Sud : le chef rebelle Machar veut reporter la formation d\u2019un gouvernement d\u2019union"},"content":{"rendered":"<div readability=\"32\">\n<p>Publi\u00e9 le 20.10.2019 \u00e0 21h50 par AFP<\/p>\n<\/div>\n<div readability=\"120\">\n<p>Le chef rebelle sud-soudanais Riek Machar a annonc\u00e9 dimanche vouloir un nouveau report pour la formation d\u2019un gouvernement d\u2019union avec le pr\u00e9sident Salva Kiir, estimant que toute pr\u00e9cipitation conduirait \u00e0 la catastrophe.<\/p>\n<p>Arriv\u00e9 \u00e0 Juba samedi pour s\u2019entretenir avec M. Kiir, Machar a rencontr\u00e9 une d\u00e9l\u00e9gation du Conseil de s\u00e9curit\u00e9 des Nations unies en visite au Soudan du Sud trois semaines avant la date butoir pour la formation d\u2019un gouvernement d\u2019union nationale, fix\u00e9e au 12 novembre.<\/p>\n<p>La formation de ce gouvernement a d\u00e9j\u00e0 \u00e9t\u00e9 retard\u00e9e en mai, en raison de d\u00e9saccords sur des questions cruciales comme la formation d\u2019une arm\u00e9e unifi\u00e9e, compos\u00e9e de rebelles et de forces gouvernementales, et les fronti\u00e8res des Etats sud-soudanais.<\/p>\n<p>Machar a averti que si les questions de s\u00e9curit\u00e9 n\u2019\u00e9taient pas r\u00e9gl\u00e9es, le pays conna\u00eetrait des combats comme en 2016, lorsqu\u2019un accord de paix ant\u00e9rieur avait \u00e9chou\u00e9, le contraignant \u00e0 fuir le pays et aggravant le conflit.<\/p>\n<p>\u00ab\u00a0Pourquoi voulez-vous r\u00e9p\u00e9ter la m\u00eame erreur ?\u00a0\u00bb, a-t-il demand\u00e9 \u00e0 la d\u00e9l\u00e9gation du Conseil de s\u00e9curit\u00e9, qui fait pression pour que le gouvernement aille de l\u2019avant.<\/p>\n<p>Aux termes de l\u2019accord de paix de septembre 2018, les combattants de toutes les parties doivent \u00eatre entra\u00een\u00e9s et d\u00e9ploy\u00e9s dans le cadre d\u2019une arm\u00e9e unifi\u00e9e de 83.000 hommes \u2013 un processus qui a \u00e9t\u00e9 entrav\u00e9 par les retards et le manque de financement.<\/p>\n<p>\u00ab\u00a0Si nous n\u2019avons pas d\u2019arm\u00e9e nationale, de police, de s\u00e9curit\u00e9, comment formez-vous le gouvernement ? Ce matin, le pr\u00e9sident Kiir et moi avons rencontr\u00e9 les chefs de la s\u00e9curit\u00e9 et ce que nous avons constat\u00e9, c\u2019est que m\u00eame en trois mois, nous n\u2019y arriverons pas\u00a0\u00bb, a d\u00e9clar\u00e9 Machar.<\/p>\n<p>\u00ab\u00a0Nous avons des probl\u00e8mes cruciaux \u00e0 r\u00e9soudre, les dispositions en mati\u00e8re de s\u00e9curit\u00e9 doivent \u00eatre en place. Si nous n\u2019y sommes pas le 12 quand Kiir insistera pour former le gouvernement comme il a menac\u00e9 de le faire, ne nous bl\u00e2mez pas\u00a0\u00bb, a-t-il ajout\u00e9.<\/p>\n<p>L\u2019ambassadrice des \u00c9tats-Unis aupr\u00e8s de l\u2019ONU, Kelly Craft, s\u2019est dite d\u00e9\u00e7ue par ces remarques.<\/p>\n<p>\u00ab\u00a0Les dirigeants politiques du Soudan du Sud ont la possibilit\u00e9 de faire des compromis politiques et de passer \u00e0 la phase suivante du processus de paix d\u2019une mani\u00e8re cr\u00e9dible, transparente et responsable\u00a0\u00bb, a-t-elle d\u00e9clar\u00e9.<\/p>\n<p>D\u2019autres signataires de l\u2019accord sont divis\u00e9s sur un \u00e9ventuel report de la date butoir.<\/p>\n<p>\u00ab\u00a0Pourquoi ne pas se donner deux mois pour r\u00e9soudre les probl\u00e8mes de s\u00e9curit\u00e9 et du nombre d\u2019\u00c9tats plut\u00f4t que de former un gouvernement qui s\u2019effondrera dans deux mois ?\u00a0\u00bb, a demand\u00e9 Lam Akol Ajawin, chef d\u2019un autre groupe rebelle, le Mouvement national d\u00e9mocratique.<\/p>\n<p>Kiir et Machar devraient poursuivre leurs pourparlers lundi.<\/p>\n<p>Le Soudan du Sud a sombr\u00e9 dans la guerre civile en 2013, deux ans apr\u00e8s son ind\u00e9pendance du Soudan, lorsque M. Kiir, un Dinka, a accus\u00e9 M. Machar, alors son vice-pr\u00e9sident, membre de l\u2019ethnie nuer, de fomenter un coup d\u2019\u00c9tat.<\/p>\n<p>Le conflit a fait plus de 380.000 morts et pouss\u00e9 plus de quatre millions de Sud-Soudanais hors e leurs foyers.<\/p>\n<\/div>\n<p>Auteur: AFP<br \/>\n<a href=\"https:\/\/www.journalducameroun.com\/soudan-du-sud-le-chef-rebelle-machar-veut-reporter-la-formation-dun-gouvernement-dunion\/\">Cliquez ici pour lire l&rsquo;article depuis sa source.<\/a><\/p>\n","protected":false},"excerpt":{"rendered":"<p>Publi\u00e9 le 20.10.2019 \u00e0 21h50 par AFP Le chef rebelle sud-soudanais Riek Machar a annonc\u00e9 dimanche vouloir un nouveau report pour la formation d\u2019un gouvernement d\u2019union avec le pr\u00e9sident Salva Kiir, estimant que toute pr\u00e9cipitation conduirait \u00e0 la catastrophe. Arriv\u00e9 \u00e0 Juba samedi pour s\u2019entretenir avec M. Kiir, Machar a rencontr\u00e9 une d\u00e9l\u00e9gation du Conseil [&hellip;]<\/p>\n","protected":false},"author":1965,"featured_media":0,"comment_status":"closed","ping_status":"closed","sticky":false,"template":"","format":"standard","meta":{"fifu_image_url":"","fifu_image_alt":"","footnotes":""},"categories":[73,82],"tags":[],"class_list":["post-65010","post","type-post","status-publish","format-standard","hentry","category-actualite","category-cameroun"],"_links":{"self":[{"href":"https:\/\/linitiative.ca\/International\/wp-json\/wp\/v2\/posts\/65010","targetHints":{"allow":["GET"]}}],"collection":[{"href":"https:\/\/linitiative.ca\/International\/wp-json\/wp\/v2\/posts"}],"about":[{"href":"https:\/\/linitiative.ca\/International\/wp-json\/wp\/v2\/types\/post"}],"author":[{"embeddable":true,"href":"https:\/\/linitiative.ca\/International\/wp-json\/wp\/v2\/users\/1965"}],"replies":[{"embeddable":true,"href":"https:\/\/linitiative.ca\/International\/wp-json\/wp\/v2\/comments?post=65010"}],"version-history":[{"count":0,"href":"https:\/\/linitiative.ca\/International\/wp-json\/wp\/v2\/posts\/65010\/revisions"}],"wp:attachment":[{"href":"https:\/\/linitiative.ca\/International\/wp-json\/wp\/v2\/media?parent=65010"}],"wp:term":[{"taxonomy":"category","embeddable":true,"href":"https:\/\/linitiative.ca\/International\/wp-json\/wp\/v2\/categories?post=65010"},{"taxonomy":"post_tag","embeddable":true,"href":"https:\/\/linitiative.ca\/International\/wp-json\/wp\/v2\/tags?post=65010"}],"curies":[{"name":"wp","href":"https:\/\/api.w.org\/{rel}","templated":true}]}}