{"id":65014,"date":"2019-10-21T10:27:08","date_gmt":"2019-10-21T14:27:08","guid":{"rendered":"https:\/\/linitiative.ca\/International\/le-salon-du-cheval-une-12eme-edition-reussie\/"},"modified":"2019-10-21T10:27:08","modified_gmt":"2019-10-21T14:27:08","slug":"le-salon-du-cheval-une-12eme-edition-reussie","status":"publish","type":"post","link":"https:\/\/linitiative.ca\/International\/le-salon-du-cheval-une-12eme-edition-reussie\/","title":{"rendered":"Le Salon du cheval: Une 12\u00e8me \u00e9dition r\u00e9ussie"},"content":{"rendered":"<header>\n<div class=\"entry-post-meta\">\n<div class=\"author-link\">Publi\u00e9 par <a itemprop=\"author\" itemscope=\"\" itemtype=\"https:\/\/schema.org\/Person\" href=\"http:\/\/aujourdhui.ma\/profile\/kaid\" rel=\"author\"><span itemprop=\"name\">ALM<\/span><\/a><\/div>\n<p>Date\u00a0:<time content=\"2019-10-21T15:27:08+00:00\" class=\"entry-date updated\" datetime=\"2019-10-21T15:27:08+00:00\">octobre 21, 2019<\/time><\/p>\n<div class=\"entry-cat\">dans:<a href=\"http:\/\/aujourdhui.ma\/category\/videos\" rel=\"category tag\">Vid\u00e9os<\/a><\/div>\n<p>0Vues<\/p>\n<\/div>\n<\/header>\n<div class=\"entry-content clearfix\" readability=\"43\">\n<p><iframe loading=\"lazy\" width=\"536\" height=\"323\" src=\"\/\/www.youtube.com\/embed\/gd9KCPS9qBo?\" frameborder=\"0\" allowfullscreen=\"\">[embedded content]<\/iframe><\/p>\n<p><span class=\"c4\"><strong>Composante essentielle de l\u2019identit\u00e9 culturelle et religieuse marocaine, le cheval continue \u00e0 \u00eatre consid\u00e9r\u00e9 comme un motif de fiert\u00e9 et d\u2019affirmation identitaire.<\/strong><\/span><\/p>\n<p><span id=\"more-320803\"\/><br \/>Le Salon du cheval d\u2019El Jadida ancre davantage cette croyance. A sa 12\u00e8me \u00e9dition, il est devenu un rendez-vous incontournable pour les passionn\u00e9s de chevaux.<br \/>La Soci\u00e9t\u00e9 Royale d\u2019Encouragement du Cheval (SOREC), partenaire de cet \u00e9v\u00e9nement d\u2019envergure, m\u00e8ne depuis des ann\u00e9es une strat\u00e9gie nationale pour le d\u00e9veloppement de la fili\u00e8re \u00e9quine. Une strat\u00e9gie qui a eu pour ambition de valoriser de fa\u00e7on durable le r\u00f4le du cheval dans l\u2019\u00e9conomie nationale et de faire de sa fili\u00e8re un moteur de croissance \u00e9conomique et sociale. Micro \u00e0 Omar Skalli, directeur g\u00e9n\u00e9ral de la Sorec.<\/p>\n<\/div>\n<p>Auteur: ALM<br \/>\n<a href=\"http:\/\/aujourdhui.ma\/videos\/le-salon-du-cheval-une-12eme-edition-reussie\">Cliquez ici pour lire l&rsquo;article depuis sa source.<\/a><\/p>\n","protected":false},"excerpt":{"rendered":"<p>Publi\u00e9 par ALM Date\u00a0:octobre 21, 2019 dans:Vid\u00e9os 0Vues [embedded content] Composante essentielle de l\u2019identit\u00e9 culturelle et religieuse marocaine, le cheval continue \u00e0 \u00eatre consid\u00e9r\u00e9 comme un motif de fiert\u00e9 et d\u2019affirmation identitaire. Le Salon du cheval d\u2019El Jadida ancre davantage cette croyance. A sa 12\u00e8me \u00e9dition, il est devenu un rendez-vous incontournable pour les passionn\u00e9s [&hellip;]<\/p>\n","protected":false},"author":1759,"featured_media":0,"comment_status":"closed","ping_status":"closed","sticky":false,"template":"","format":"standard","meta":{"fifu_image_url":"","fifu_image_alt":"","footnotes":""},"categories":[73,54],"tags":[],"class_list":["post-65014","post","type-post","status-publish","format-standard","hentry","category-actualite","category-maroc"],"_links":{"self":[{"href":"https:\/\/linitiative.ca\/International\/wp-json\/wp\/v2\/posts\/65014","targetHints":{"allow":["GET"]}}],"collection":[{"href":"https:\/\/linitiative.ca\/International\/wp-json\/wp\/v2\/posts"}],"about":[{"href":"https:\/\/linitiative.ca\/International\/wp-json\/wp\/v2\/types\/post"}],"author":[{"embeddable":true,"href":"https:\/\/linitiative.ca\/International\/wp-json\/wp\/v2\/users\/1759"}],"replies":[{"embeddable":true,"href":"https:\/\/linitiative.ca\/International\/wp-json\/wp\/v2\/comments?post=65014"}],"version-history":[{"count":0,"href":"https:\/\/linitiative.ca\/International\/wp-json\/wp\/v2\/posts\/65014\/revisions"}],"wp:attachment":[{"href":"https:\/\/linitiative.ca\/International\/wp-json\/wp\/v2\/media?parent=65014"}],"wp:term":[{"taxonomy":"category","embeddable":true,"href":"https:\/\/linitiative.ca\/International\/wp-json\/wp\/v2\/categories?post=65014"},{"taxonomy":"post_tag","embeddable":true,"href":"https:\/\/linitiative.ca\/International\/wp-json\/wp\/v2\/tags?post=65014"}],"curies":[{"name":"wp","href":"https:\/\/api.w.org\/{rel}","templated":true}]}}