{"id":65020,"date":"2019-10-21T06:56:16","date_gmt":"2019-10-21T10:56:16","guid":{"rendered":"https:\/\/linitiative.ca\/International\/nabil-benabdallah-il-faut-redonner-un-sens-a-laction-politique\/"},"modified":"2019-10-21T06:56:16","modified_gmt":"2019-10-21T10:56:16","slug":"nabil-benabdallah-il-faut-redonner-un-sens-a-laction-politique","status":"publish","type":"post","link":"https:\/\/linitiative.ca\/International\/nabil-benabdallah-il-faut-redonner-un-sens-a-laction-politique\/","title":{"rendered":"Nabil Benabdallah: \u00abIl faut redonner un sens \u00e0 l\u2019action politique\u00bb"},"content":{"rendered":"<p class=\"has-text-color has-drop-cap has-vivid-cyan-blue-color\">\u00abLe Maroc a besoin de partis politiques forts, capables d\u2019encadrer les citoyens et de porter haut et fort\u00a0 leurs revendications\u00bb,\u00a0 a d\u00e9clar\u00e9 Mohammed Nabil Benabdallah, secr\u00e9taire g\u00e9n\u00e9ral du Parti du progr\u00e8s et du socialisme (PPS), samedi 19 octobre \u00e0 Casablanca, dans son allocution introductive du congr\u00e8s de la r\u00e9gion Casa-Settat du parti, plac\u00e9 sous le th\u00e8me \u00abLa r\u00e9gionalisation, enjeu du d\u00e9veloppement et de la justice socio-spatiale\u00bb.Les travaux de ce congr\u00e8s ont \u00e9t\u00e9 couronn\u00e9s par l\u2019\u00e9lection \u00e0 l\u2019unanimit\u00e9 de\u00a0 Ja\u00e2far Khamlach,\u00a0 en tant que secr\u00e9taire r\u00e9gional de Casablanca-Settat.<\/p>\n<div class=\"wp-block-image\"><img decoding=\"async\" src=\"http:\/\/albayane.press.ma\/wp-content\/uploads\/5-13.jpg\" alt=\"\" class=\"wp-image-82240\"\/><\/div>\n<p>Le Congr\u00e8s fut \u00e9galement marqu\u00e9 par l\u2019adoption du communiqu\u00e9 final. Le document contenant la vision du Parti porte sur les priorit\u00e9s de d\u00e9veloppement dans la r\u00e9gion, sans omettre l\u2019approbation de\u00a0 la liste du Conseil r\u00e9gional qui a proc\u00e9d\u00e9 \u00e0 l\u2019\u00e9lection de J\u00e2afar Khamlach. Il a \u00e9t\u00e9, en outre, proc\u00e9d\u00e9 \u00e0 l\u2019\u00e9lection du bureau r\u00e9gional et ce sur la base des propositions des sections provinciales.<\/p>\n<p>Accompagn\u00e9 d\u2019une importante d\u00e9l\u00e9gation du bureau politique, le leader du Parti du Livre, qui a pr\u00e9sid\u00e9 l\u2019ouverture de ce congr\u00e8s, a appel\u00e9 les militants \u00e0 plus de mobilisation pour \u00eatre au c\u0153ur du combat social.\u00a0 L\u2019intervenant a, une nouvelle fois, mis en garde contre le d\u00e9nigrement des partis politiques, men\u00e9 par certains m\u00e9dias qui tentent de donner aux citoyens une image fauss\u00e9e, sombre\u00a0 et exag\u00e9r\u00e9e de la r\u00e9alit\u00e9 de l\u2019action partisane.<\/p>\n<p>\u00abIl faut donner un sens nouveau\u00a0 \u00e0 l\u2019action politique en luttant contre toutes les formes de d\u00e9pravation et insuffler un souffle d\u00e9mocratique nouveau au champ politique. Car, un v\u00e9ritable changement requiert une volont\u00e9 r\u00e9elle voire\u00a0 un esprit de mobilisation collective de tous les acteurs politiques, qui ont toujours\u00a0 rempli un r\u00f4le ind\u00e9niable dans le parach\u00e8vement de la construction d\u00e9mocratique du pays au c\u00f4t\u00e9 de SM le Roi Mohammed VI\u00bb, a-t-il d\u00e9clar\u00e9 en substance.<\/p>\n<p>S\u2019adressant aux congressistes, Benabdallah a affirm\u00e9 \u00abqu\u2019une\u00a0 r\u00e9habilitation de l\u2019action politique nous interpelle en tant que parti de gauche et nous incite \u00e0 nous doter d\u2019une d\u00e9marche autocritique et \u00e9tablir un v\u00e9ritable diagnostic pour d\u00e9terminer les d\u00e9faillances au lieu de s\u2019en dormir sur nos lauriers\u00bb.\u00a0 Le leader progressiste a aussi \u00a0mis l\u2019accent sur la n\u00e9cessit\u00e9 de s\u2019ouvrir davantage sur les milliers de comp\u00e9tences dont regorge le pays et de ceux qui sont porteurs d\u2019id\u00e9es modernistes et progressistes, car le PPS est un parti issu du peuple\u00a0\u00bb appelant les militants \u00e0 occuper le terrain du combat des libert\u00e9s individuelles dans son acception globale \u00a0et la d\u00e9fense de la justice sociale, qui sont le cheval de bataille du PPS, voire sa raison d\u2019existence.<\/p>\n<p>Abondant dans le m\u00eame ordre d\u2019id\u00e9es, le dirigeant du PPS, a indiqu\u00e9 que son parti depuis sa participation aux gouvernements qui se sont succ\u00e9d\u00e9, a toujours d\u00e9fendu une d\u00e9marche critique tout en restant fid\u00e8le \u00e0 ses alliances et \u00e0 l\u2019esprit de la majorit\u00e9. Cependant, il s\u2019est av\u00e9r\u00e9 que durant ces derniers temps, nous avons constat\u00e9 l\u2019apparition de failles qui ont cr\u00e9\u00e9 un sentiment de doute et d\u2019inqui\u00e9tude chez les citoyens. Le d\u00e9clenchement de plusieurs mouvements contestataires spontan\u00e9s ou encore celui de boycott en est la preuve et t\u00e9moigne de la faiblesse des organisations de m\u00e9diation et d\u2019une m\u00e9fiance grandissante entre les citoyens et la sph\u00e8re politique.<\/p>\n<p>Cela \u00e9tant, les Marocains ont aujourd\u2019hui besoin d\u2019\u00eatre \u00e9cout\u00e9s et r\u00e9clament plus de transparence et une volont\u00e9 d\u00e9termin\u00e9e\u00a0 pour la lutte contre la corruption et la rente, a-t-il ass\u00e9n\u00e9 avant de souligner que le Parti du Livre n\u2019a jamais\u00a0 failli \u00e0 sa mission, celle d\u2019attirer l\u2019attention sur ces d\u00e9faillances en appelant souvent\u00a0 \u00e0 la n\u00e9cessit\u00e9 du changement de la trajectoire. Atteindre un tel objectif, requiert, avant tout, un souffle d\u00e9mocratique nouveau. D\u2019ailleurs, son Parti, n\u2019a cess\u00e9 de mettre en garde contre toutes les tentatives de banalisation de l\u2019action politique, notamment dans son 10e Congr\u00e8s national qui s\u2019est d\u00e9roul\u00e9 \u00e0 Bouznika.<\/p>\n<p>Il faut dire, selon l\u2019intervenant que les conflits entre les composantes de la majorit\u00e9 gouvernementale ont constitu\u00e9 l\u2019une des causes majeures qui ont pouss\u00e9\u00a0 le PPS \u00e0 se retirer du gouvernement, sachant, a-t-il ajout\u00e9, que le PPS a toujours respect\u00e9 ses engagements \u00e0 l\u2019\u00e9gard de son alli\u00e9 le PJD, en d\u00e9pit des coups encaiss\u00e9s, dont le dernier remonte au mois d\u2019ao\u00fbt 2018.\u00a0 \u00a0Inutile de rappeler qu\u2019\u00e0 ce moment, plusieurs voix se sont \u00e9lev\u00e9es au sein du Parti, r\u00e9clamant une sortie imm\u00e9diate du gouvernement, sauf que le PPS a r\u00e9sist\u00e9. Il l\u2019a fait parce qu\u2019il se consid\u00e9rait comme \u00abla conscience de la majorit\u00e9 et de l\u2019Ex\u00e9cutif\u00bb, a-t-il rappel\u00e9.<\/p>\n<p>Force est\u00a0 de constater qu\u2019au lendemain du discours de SM le Roi, on a assist\u00e9 encore \u00e0 des\u00a0 d\u00e9clarations d\u2019hostilit\u00e9 au sein de l\u2019alliance gouvernementale et qui avaient des vis\u00e9es purement \u00e9lectoralistes. De tels comportements rel\u00e8vent de l\u2019illogique et \u00a0ne font \u00a0que banaliser l\u2019action politique, a-t-il d\u00e9clar\u00e9.\u00a0 Comme quoi, \u00ab\u00a0le gouvernement manque de vision, et fonctionne conform\u00e9ment \u00e0 une logique \u00e9lectoraliste pur jus. La preuve c\u2019est qu\u2019il n\u2019a \u00a0pr\u00e9sent\u00e9 aucune d\u00e9claration devant les citoyens et dans laquelle il explique ses orientations, alors qu\u2019on est encore \u00e0 la moiti\u00e9 du mandat\u00a0\u00bb, a martel\u00e9 le secr\u00e9taire g\u00e9n\u00e9ral. \u00a0Cela \u00e9tant, le ralliement du rang de l\u2019opposition a \u00e9t\u00e9 effectu\u00e9 selon une d\u00e9marche bien r\u00e9fl\u00e9chie indiquant dans ce sens que le PPS remplira sa mission dans le cadre d\u2019un esprit objectif,\u00a0 responsable et constructif.<\/p>\n<div class=\"wp-block-image\"><img decoding=\"async\" src=\"http:\/\/albayane.press.ma\/wp-content\/uploads\/2-36.jpg\" alt=\"\" class=\"wp-image-82241\"\/><\/div>\n<p>Pour le responsable du PPS, \u00ab\u00a0les Marocains ont besoin, plus que jamais, \u00a0d\u2019une nouvelle atmosph\u00e8re de mobilisation politique, comme ce fut le cas lors de l\u2019av\u00e8nement de SM le Roi Mohammed VI, o\u00f9 les partis avaient une pr\u00e9sence ind\u00e9niable et replissaient leur r\u00f4le et ce\u00a0 depuis le gouvernement de Abderrahman El Youssoufi, jusqu\u2019au gouvernement de Abdelilah Benkirane\u00bb.<\/p>\n<p><strong>Ja\u00e2far Khamlach, \u00e9lu secr\u00e9taire r\u00e9gional<\/strong><\/p>\n<p>Les travaux de ce congr\u00e8s ont \u00e9t\u00e9 couronn\u00e9s par l\u2019\u00e9lection \u00e0 l\u2019unanimit\u00e9 de\u00a0 Ja\u00e2far Khamlach,\u00a0 en tant que secr\u00e9taire r\u00e9gional de Casablanca-Settat.<\/p>\n<p>J\u00e2afar Khamlalch, cadre sup\u00e9rieur \u00e0 Marsa-Maroc,\u00a0 a ralli\u00e9 les rangs du Parti du Livre en 1990. Au d\u00e9but, il a occup\u00e9 le poste de secr\u00e9taire local dans la ville d\u2019Azemmour, puis secr\u00e9taire provincial en 2002 \u00e0 El Jadida et secr\u00e9taire r\u00e9gional d\u2019Abda-Doukkala en 2003. Il est\u00a0 \u00e9galement membre du Comit\u00e9 central et vice-pr\u00e9sident de la Commune \u00a0municipale de la ville d\u2019Azemmour.<\/p>\n<p>Le Congr\u00e8s fut \u00e9galement marqu\u00e9 par l\u2019adoption du communiqu\u00e9 final. Le document contenant la vision du Parti porte sur les priorit\u00e9s de d\u00e9veloppement dans la r\u00e9gion, sans omettre l\u2019approbation de\u00a0 la liste du Conseil r\u00e9gional qui a proc\u00e9d\u00e9 \u00e0 l\u2019\u00e9lection de J\u00e2afar Khamlach. Il a \u00e9t\u00e9, en outre, proc\u00e9d\u00e9 \u00e0 l\u2019\u00e9lection du bureau r\u00e9gional et ce sur la base des propositions des sections provinciales.<\/p>\n<p class=\"c2\"><strong>Khalid Darfaf<\/strong><\/p>\n<p>Auteur: M&rsquo;hammed rahal<br \/>\n<a href=\"http:\/\/albayane.press.ma\/nabil-benabdallah-il-faut-redonner-un-sens-a-laction-politique.html\">Cliquez ici pour lire l&rsquo;article depuis sa source.<\/a><\/p>\n","protected":false},"excerpt":{"rendered":"<p>\u00abLe Maroc a besoin de partis politiques forts, capables d\u2019encadrer les citoyens et de porter haut et fort\u00a0 leurs revendications\u00bb,\u00a0 a d\u00e9clar\u00e9 Mohammed Nabil Benabdallah, secr\u00e9taire g\u00e9n\u00e9ral du Parti du progr\u00e8s et du socialisme (PPS), samedi 19 octobre \u00e0 Casablanca, dans son allocution introductive du congr\u00e8s de la r\u00e9gion Casa-Settat du parti, plac\u00e9 sous le [&hellip;]<\/p>\n","protected":false},"author":1760,"featured_media":65021,"comment_status":"closed","ping_status":"closed","sticky":false,"template":"","format":"standard","meta":{"fifu_image_url":"","fifu_image_alt":"","footnotes":""},"categories":[73,54],"tags":[],"class_list":["post-65020","post","type-post","status-publish","format-standard","has-post-thumbnail","hentry","category-actualite","category-maroc"],"_links":{"self":[{"href":"https:\/\/linitiative.ca\/International\/wp-json\/wp\/v2\/posts\/65020","targetHints":{"allow":["GET"]}}],"collection":[{"href":"https:\/\/linitiative.ca\/International\/wp-json\/wp\/v2\/posts"}],"about":[{"href":"https:\/\/linitiative.ca\/International\/wp-json\/wp\/v2\/types\/post"}],"author":[{"embeddable":true,"href":"https:\/\/linitiative.ca\/International\/wp-json\/wp\/v2\/users\/1760"}],"replies":[{"embeddable":true,"href":"https:\/\/linitiative.ca\/International\/wp-json\/wp\/v2\/comments?post=65020"}],"version-history":[{"count":0,"href":"https:\/\/linitiative.ca\/International\/wp-json\/wp\/v2\/posts\/65020\/revisions"}],"wp:featuredmedia":[{"embeddable":true,"href":"https:\/\/linitiative.ca\/International\/wp-json\/"}],"wp:attachment":[{"href":"https:\/\/linitiative.ca\/International\/wp-json\/wp\/v2\/media?parent=65020"}],"wp:term":[{"taxonomy":"category","embeddable":true,"href":"https:\/\/linitiative.ca\/International\/wp-json\/wp\/v2\/categories?post=65020"},{"taxonomy":"post_tag","embeddable":true,"href":"https:\/\/linitiative.ca\/International\/wp-json\/wp\/v2\/tags?post=65020"}],"curies":[{"name":"wp","href":"https:\/\/api.w.org\/{rel}","templated":true}]}}