{"id":65022,"date":"2019-10-21T07:01:54","date_gmt":"2019-10-21T11:01:54","guid":{"rendered":"https:\/\/linitiative.ca\/International\/les-fantaisies-dun-president\/"},"modified":"2019-10-21T07:01:54","modified_gmt":"2019-10-21T11:01:54","slug":"les-fantaisies-dun-president","status":"publish","type":"post","link":"https:\/\/linitiative.ca\/International\/les-fantaisies-dun-president\/","title":{"rendered":"Les fantaisies d\u2019un pr\u00e9sident!"},"content":{"rendered":"<p class=\"has-text-color has-drop-cap has-vivid-cyan-blue-color\">Deux fois de suite, la session d\u2019octobre du conseil de la r\u00e9gion Draa Tafilalet tourne au vinaigre. Le pr\u00e9sident s\u2019\u00e9tait obstin\u00e9ment oppos\u00e9 \u00e0 la pr\u00e9sence de trois membres du conseil ayant perdu, estimait-il, la latitude d\u2019assister aux travaux de cette instance, suite a leur jugement judiciaire.<\/p>\n<p>La s\u00e9ance est lev\u00e9e avant terme, sur des \u00e9changes aussi futiles que belliqueux, en d\u00e9pit des rappels \u00e0 l\u2019ordre du Wali de la r\u00e9gion, fra\u00eechement nomm\u00e9e \u00e0 la t\u00eate de cette zone du sud-est du royaume. En fait, on ne comprendra pas cet acharnement hargneux \u00e0 l\u2019\u00e9gard d\u2019une question anodine qui n\u2019affecterait en rien le d\u00e9roulement des sessions, alors que le conseil r\u00e9gional est plut\u00f4t cens\u00e9 s\u2019attaquer \u00e0 des dossiers n\u00e9vralgiques dont l\u2019urgence sur le dessein de la population, en mal de ressources les plus \u00e9l\u00e9mentaires, est bien \u00e9vidente.<\/p>\n<p>Face \u00e0 ce refus effr\u00e9n\u00e9 de lib\u00e9rer les d\u00e9lib\u00e9rations qui envenimait le climat g\u00e9n\u00e9ral des s\u00e9ances, depuis d\u00e9j\u00e0 la session du conseil de juillet dernier, le Wali faisait montre d\u2019une attitude \u00e0 la fois raisonn\u00e9e,\u00a0 lib\u00e9ratoire et conciliatrice. Sa position \u00e9tait formelle : \u00abTant que les pouvoirs publics n\u2019ont pas encore fait parvenir \u00e0 notre attention le verdict relatif aux membres en question, personne n\u2019aurait alors le droit de faire abstraction \u00e0 leur pr\u00e9sence. Si c\u2019est le cas, je serai le premier \u00e0 m\u2019y interposer !\u00bb, dit-il clairement \u00e0 l\u2019assistance. Et d\u2019encha\u00eener, sans ambages, en s\u2019adressant au pr\u00e9sident du conseil r\u00e9gional : \u00abSi vous vous y tenez tant, ne prenez pas en compte leurs dires ni leurs votes. Mais, sachez que le conseil a d\u2019autres questions beaucoup plus vitales \u00e0 d\u00e9battre que ce fait banal !\u00bb.<\/p>\n<p>En fait, faire sombrer les int\u00e9r\u00eats de toute une r\u00e9gion fragilis\u00e9e par la privation et le d\u00e9nuement, dans un bras de fer ridicule, se situe dans une logique de fantaisie piteuse.<br \/>Certes, la justice avait intent\u00e9 le jugement final \u00e0 leur encontre, mais il reste \u00e0 notifier cette d\u00e9cision, selon les lois en vigueur. On ne saurait donc compromettre le sort de la r\u00e9gion pour une si simple affaire judiciaire dont le d\u00e9nouement ne d\u00e9pend gu\u00e8re des comp\u00e9tences ni de l\u2019Autorit\u00e9 locale, encore\u00a0 moins du conseil r\u00e9gional. Conscient de ce dilemme, le Wali en prend acte et se porte garant \u00e0 veiller au respect des r\u00e8glements organiques des conseils de r\u00e9gions, en tant que tutelle.<\/p>\n<p>Mieux encore, tout en d\u00e9plorant le conflit politicien dans lequel s\u2019engouffre le conseil r\u00e9gional, il tient un discours beaucoup plus pragmatique que son vis-\u00e0-vis, chiffres \u00e0 l\u2019appui. Et de poursuivre : \u00abJe tiens \u00e0 vous rappeler que sur 42 projets en perspective, destin\u00e9s \u00e0 l\u2019endiguement des disparit\u00e9s sociales et spatiales, seulement 7 ont \u00e9t\u00e9 r\u00e9alis\u00e9s, alors que 35 n\u2019ont pas vu le jour. Pour le compte de l\u2019ann\u00e9e 2019, en cours d\u2019expiration, aucun projet n\u2019est \u00e0 mettre \u00e0 l\u2019actif du conseil, quant \u00e0\u00a0 l\u2019ann\u00e9e 2018, elle n\u2019en a connu que 13 pour plus de 82 milliards de disponibles. C\u2019est dire combien le d\u00e9ficit est flagrant !\u00bb.<\/p>\n<p>Face \u00e0 ce retard ahurissant, aurait-on encore le temps de se quereller dans des incongruit\u00e9s irresponsables ? Au-del\u00e0 de son incapacit\u00e9 criarde de mener la barque r\u00e9gionale \u00e0 bon port, le pr\u00e9sident du conseil se montre, \u00e0 chaque fois, bien en de\u00e7\u00e0 des responsabilit\u00e9s qui lui sont assign\u00e9es. Pendant ce temps, les services centraux se tiennent en stature de spectateur. Alors, bon spectacle messieurs!<\/p>\n<p>Auteur: M&rsquo;hammed rahal<br \/>\n<a href=\"http:\/\/albayane.press.ma\/les-fantaisies-dun-president.html\">Cliquez ici pour lire l&rsquo;article depuis sa source.<\/a><\/p>\n","protected":false},"excerpt":{"rendered":"<p>Deux fois de suite, la session d\u2019octobre du conseil de la r\u00e9gion Draa Tafilalet tourne au vinaigre. Le pr\u00e9sident s\u2019\u00e9tait obstin\u00e9ment oppos\u00e9 \u00e0 la pr\u00e9sence de trois membres du conseil ayant perdu, estimait-il, la latitude d\u2019assister aux travaux de cette instance, suite a leur jugement judiciaire. La s\u00e9ance est lev\u00e9e avant terme, sur des \u00e9changes [&hellip;]<\/p>\n","protected":false},"author":1760,"featured_media":0,"comment_status":"closed","ping_status":"closed","sticky":false,"template":"","format":"standard","meta":{"fifu_image_url":"","fifu_image_alt":"","footnotes":""},"categories":[73,54],"tags":[],"class_list":["post-65022","post","type-post","status-publish","format-standard","hentry","category-actualite","category-maroc"],"_links":{"self":[{"href":"https:\/\/linitiative.ca\/International\/wp-json\/wp\/v2\/posts\/65022","targetHints":{"allow":["GET"]}}],"collection":[{"href":"https:\/\/linitiative.ca\/International\/wp-json\/wp\/v2\/posts"}],"about":[{"href":"https:\/\/linitiative.ca\/International\/wp-json\/wp\/v2\/types\/post"}],"author":[{"embeddable":true,"href":"https:\/\/linitiative.ca\/International\/wp-json\/wp\/v2\/users\/1760"}],"replies":[{"embeddable":true,"href":"https:\/\/linitiative.ca\/International\/wp-json\/wp\/v2\/comments?post=65022"}],"version-history":[{"count":0,"href":"https:\/\/linitiative.ca\/International\/wp-json\/wp\/v2\/posts\/65022\/revisions"}],"wp:attachment":[{"href":"https:\/\/linitiative.ca\/International\/wp-json\/wp\/v2\/media?parent=65022"}],"wp:term":[{"taxonomy":"category","embeddable":true,"href":"https:\/\/linitiative.ca\/International\/wp-json\/wp\/v2\/categories?post=65022"},{"taxonomy":"post_tag","embeddable":true,"href":"https:\/\/linitiative.ca\/International\/wp-json\/wp\/v2\/tags?post=65022"}],"curies":[{"name":"wp","href":"https:\/\/api.w.org\/{rel}","templated":true}]}}