{"id":65024,"date":"2019-10-21T09:24:41","date_gmt":"2019-10-21T13:24:41","guid":{"rendered":"https:\/\/linitiative.ca\/International\/rumeurs-sur-des-defections-a-qalb-tounes-le-parti-denonce-une-campagne-de-harcelement-et-de-persecution\/"},"modified":"2019-10-21T09:24:41","modified_gmt":"2019-10-21T13:24:41","slug":"rumeurs-sur-des-defections-a-qalb-tounes-le-parti-denonce-une-campagne-de-harcelement-et-de-persecution","status":"publish","type":"post","link":"https:\/\/linitiative.ca\/International\/rumeurs-sur-des-defections-a-qalb-tounes-le-parti-denonce-une-campagne-de-harcelement-et-de-persecution\/","title":{"rendered":"Rumeurs sur des d\u00e9fections \u00e0 Qalb Toun\u00e8s : Le parti d\u00e9nonce une campagne de harc\u00e8lement et de pers\u00e9cution"},"content":{"rendered":"<p>Les d\u00e9put\u00e9s du parti \u00ab C\u0153ur de Tunisie \u00bb (Qalb Toun\u00e8s) forment \u00ab un groupe uni et attach\u00e9 \u00e0 son appartenance partisane, \u00e0 ses positions et \u00e0 son programme \u00bb, indique le parti dans une d\u00e9claration publi\u00e9e dimanche.<\/p>\n<p>Ce texte se veut une r\u00e9ponse de Qalb Toun\u00e8s aux \u00ab rumeurs \u00bb relay\u00e9es dans certains m\u00e9dias et sur les r\u00e9seaux sociaux selon lesquelles les d\u00e9put\u00e9s, nouvellement \u00e9lus de Qalb Toun\u00e8s, auraient d\u00e9missionn\u00e9 et rejoint d\u2019autres partis. \u00ab Ces rumeurs incessantes sont une forme de harc\u00e8lement et de pers\u00e9cution dont Qalb Toun\u00e8s fait l\u2019objet depuis de longs mois d\u00e9j\u00e0 \u00bb.<\/p>\n<p>Et d\u2019ajouter que ces rumeurs colport\u00e9es s\u2019inscrivent dans le cadre de la \u00ab guerre psychologique \u00bb men\u00e9e contre Qalb Toun\u00e8s par ses adversaires. \u00ab Ceux-l\u00e0 m\u00eames qui ont contribu\u00e9 \u00e0 envenimer la vie politique et qui ont plac\u00e9 le nomadisme partisan et la destruction des partis leur unique projet \u00bb. D\u2019apr\u00e8s Qalb Toun\u00e8s, ces parties sont \u00e0 l\u2019origine du refus d\u2019un grand nombre de Tunisiens de \u00ab participer \u00e0 l\u2019action politique et d\u2019adh\u00e9rer \u00e0 la chose publique \u00bb.<\/p>\n<p>Selon la m\u00eame source, la multiplication de ces rumeurs, notamment en cette p\u00e9riode, est \u00e9troitement li\u00e9e \u00e0 la question de la formation du prochain gouvernement et des futures coalitions. \u00ab Qalb Toun\u00e8s n\u2019est pas concern\u00e9 par les quotas partisans et ne traite pas de l\u2019avenir de la Tunisie selon la logique du butin \u00bb, soutient le parti.<\/p>\n<p class=\"dpsp-share-text\">Partager c&rsquo;est aimer!<\/p>\n<div class=\"wp-post-author-wrap wp-post-author-shortcode left\">\n<h3 class=\"awpa-title\"\/>\n<div class=\"wp-post-author\">\n<div class=\"awpa-img awpa-author-block square\"><a href=\"http:\/\/lexpertjournal.net\/fr\/author\/expert\/\"><img loading=\"lazy\" decoding=\"async\" alt=\"\" src=\"http:\/\/2.gravatar.com\/avatar\/56d99be2a6f97af88ccb49fada637fcd?s=150&#038;d=mm&#038;r=g\" srcset=\"http:\/\/2.gravatar.com\/avatar\/56d99be2a6f97af88ccb49fada637fcd?s=300&#038;d=mm&#038;r=g 2x\" class=\"avatar avatar-150 photo\" height=\"150\" width=\"150\"\/><\/a><\/div>\n<\/div>\n<\/div>\n<p>Auteur: L&rsquo;expert<br \/>\n<a href=\"http:\/\/lexpertjournal.net\/fr\/2019\/10\/21\/rumeurs-sur-des-defections-a-qalb-tounes-le-parti-denonce-une-campagne-de-harcelement-et-de-persecution\/\">Cliquez ici pour lire l&rsquo;article depuis sa source.<\/a><\/p>\n","protected":false},"excerpt":{"rendered":"<p>Les d\u00e9put\u00e9s du parti \u00ab C\u0153ur de Tunisie \u00bb (Qalb Toun\u00e8s) forment \u00ab un groupe uni et attach\u00e9 \u00e0 son appartenance partisane, \u00e0 ses positions et \u00e0 son programme \u00bb, indique le parti dans une d\u00e9claration publi\u00e9e dimanche. Ce texte se veut une r\u00e9ponse de Qalb Toun\u00e8s aux \u00ab rumeurs \u00bb relay\u00e9es dans certains m\u00e9dias [&hellip;]<\/p>\n","protected":false},"author":1775,"featured_media":0,"comment_status":"closed","ping_status":"closed","sticky":false,"template":"","format":"standard","meta":{"fifu_image_url":"","fifu_image_alt":"","footnotes":""},"categories":[78,55],"tags":[],"class_list":["post-65024","post","type-post","status-publish","format-standard","hentry","category-economie","category-tunisie"],"_links":{"self":[{"href":"https:\/\/linitiative.ca\/International\/wp-json\/wp\/v2\/posts\/65024","targetHints":{"allow":["GET"]}}],"collection":[{"href":"https:\/\/linitiative.ca\/International\/wp-json\/wp\/v2\/posts"}],"about":[{"href":"https:\/\/linitiative.ca\/International\/wp-json\/wp\/v2\/types\/post"}],"author":[{"embeddable":true,"href":"https:\/\/linitiative.ca\/International\/wp-json\/wp\/v2\/users\/1775"}],"replies":[{"embeddable":true,"href":"https:\/\/linitiative.ca\/International\/wp-json\/wp\/v2\/comments?post=65024"}],"version-history":[{"count":0,"href":"https:\/\/linitiative.ca\/International\/wp-json\/wp\/v2\/posts\/65024\/revisions"}],"wp:attachment":[{"href":"https:\/\/linitiative.ca\/International\/wp-json\/wp\/v2\/media?parent=65024"}],"wp:term":[{"taxonomy":"category","embeddable":true,"href":"https:\/\/linitiative.ca\/International\/wp-json\/wp\/v2\/categories?post=65024"},{"taxonomy":"post_tag","embeddable":true,"href":"https:\/\/linitiative.ca\/International\/wp-json\/wp\/v2\/tags?post=65024"}],"curies":[{"name":"wp","href":"https:\/\/api.w.org\/{rel}","templated":true}]}}