{"id":65026,"date":"2019-10-21T09:29:14","date_gmt":"2019-10-21T13:29:14","guid":{"rendered":"https:\/\/linitiative.ca\/International\/nouveau-gouvernement-ennahdha-se-dit-prete-a-gouverner\/"},"modified":"2019-10-21T09:29:14","modified_gmt":"2019-10-21T13:29:14","slug":"nouveau-gouvernement-ennahdha-se-dit-prete-a-gouverner","status":"publish","type":"post","link":"https:\/\/linitiative.ca\/International\/nouveau-gouvernement-ennahdha-se-dit-prete-a-gouverner\/","title":{"rendered":"Nouveau gouvernement :  Ennahdha se dit pr\u00eate \u00e0 gouverner"},"content":{"rendered":"<p>Le pr\u00e9sident du conseil de la Choura d\u2019Ennahdha Abdelkrim Harouni a indiqu\u00e9 dimanche que son parti, vainqueur des \u00e9lections l\u00e9gislatives, est pr\u00eat \u00e0 gouverner et pr\u00e9sidera le prochain gouvernement qu\u2019il formera en partenariat avec des partis et des organisations.<\/p>\n<p>Des premi\u00e8res n\u00e9gociations ont \u00e9t\u00e9 men\u00e9es dans ce sens, a ajout\u00e9 Harouni qui s\u2019exprimait ce dimanche lors d\u2019une conf\u00e9rence de presse au si\u00e8ge du parti \u00e0 Tunis au terme du conseil de la Choura qui s\u2019est tenu ce week-end.<\/p>\n<p>Et de pr\u00e9ciser que le pr\u00e9sident d\u2019Ennahdha Rached Ghannouchi a entam\u00e9 des premiers contacts avec les partis Courant d\u00e9mocrate (Attayar), Echa\u00e2b, Tahya Toun\u00e8s et la coalition Al-Karama ainsi que l\u2019UGTT, l\u2019UTICA et l\u2019UTAP.<\/p>\n<p>Harouni a qualifi\u00e9 ces contacts de \u00ab positifs \u00bb, estimant qu\u2019ils ont ouvert la voie \u00e0 des n\u00e9gociations \u00ab s\u00e9rieuses \u00bb pour la formation d\u2019un gouvernement en tenant compte de l\u2019int\u00e9r\u00eat sup\u00e9rieur du pays. Lequel gouvernement, a-t-il expliqu\u00e9, sera form\u00e9 sur la base d\u2019un programme visant \u00e0 relever les d\u00e9fis \u00e9conomiques et sociaux, \u00e0 lutter contre la corruption, \u00e0 pr\u00e9server le pouvoir d\u2019achat des citoyens, \u00e0 stimuler l\u2019emploi et \u00e0 renforcer la s\u00e9curit\u00e9.<\/p>\n<p>Le prochain gouvernement, a-t-il assur\u00e9, ne sera pas form\u00e9 sur la base de quotas politiques. Il s\u2019agit d\u2019\u00e9tablir un programme commun avant de distribuer les portefeuilles minist\u00e9riels et de choisir les ministres, a-t-il pr\u00e9cis\u00e9.<\/p>\n<p>Evoquant le lancement des concertations officielles pour former le gouvernement, Harouni a indiqu\u00e9 que son parti a cr\u00e9\u00e9 un comit\u00e9 de n\u00e9gociations compos\u00e9 de membres du conseil de la Choura et du bureau ex\u00e9cutif d\u2019Ennahdha sous la pr\u00e9sidence de Rached Ghannouchi.<\/p>\n<p class=\"dpsp-share-text\">Partager c&rsquo;est aimer!<\/p>\n<div class=\"wp-post-author-wrap wp-post-author-shortcode left\">\n<h3 class=\"awpa-title\"\/>\n<div class=\"wp-post-author\">\n<div class=\"awpa-img awpa-author-block square\"><a href=\"http:\/\/lexpertjournal.net\/fr\/author\/expert\/\"><img loading=\"lazy\" decoding=\"async\" alt=\"\" src=\"http:\/\/2.gravatar.com\/avatar\/56d99be2a6f97af88ccb49fada637fcd?s=150&#038;d=mm&#038;r=g\" srcset=\"http:\/\/2.gravatar.com\/avatar\/56d99be2a6f97af88ccb49fada637fcd?s=300&#038;d=mm&#038;r=g 2x\" class=\"avatar avatar-150 photo\" height=\"150\" width=\"150\"\/><\/a><\/div>\n<\/div>\n<\/div>\n<p>Auteur: L&rsquo;expert<br \/>\n<a href=\"http:\/\/lexpertjournal.net\/fr\/2019\/10\/21\/nouveau-gouvernement-ennahdha-se-dit-prete-a-gouverner\/\">Cliquez ici pour lire l&rsquo;article depuis sa source.<\/a><\/p>\n","protected":false},"excerpt":{"rendered":"<p>Le pr\u00e9sident du conseil de la Choura d\u2019Ennahdha Abdelkrim Harouni a indiqu\u00e9 dimanche que son parti, vainqueur des \u00e9lections l\u00e9gislatives, est pr\u00eat \u00e0 gouverner et pr\u00e9sidera le prochain gouvernement qu\u2019il formera en partenariat avec des partis et des organisations. Des premi\u00e8res n\u00e9gociations ont \u00e9t\u00e9 men\u00e9es dans ce sens, a ajout\u00e9 Harouni qui s\u2019exprimait ce dimanche [&hellip;]<\/p>\n","protected":false},"author":1775,"featured_media":0,"comment_status":"closed","ping_status":"closed","sticky":false,"template":"","format":"standard","meta":{"fifu_image_url":"","fifu_image_alt":"","footnotes":""},"categories":[78,55],"tags":[],"class_list":["post-65026","post","type-post","status-publish","format-standard","hentry","category-economie","category-tunisie"],"_links":{"self":[{"href":"https:\/\/linitiative.ca\/International\/wp-json\/wp\/v2\/posts\/65026","targetHints":{"allow":["GET"]}}],"collection":[{"href":"https:\/\/linitiative.ca\/International\/wp-json\/wp\/v2\/posts"}],"about":[{"href":"https:\/\/linitiative.ca\/International\/wp-json\/wp\/v2\/types\/post"}],"author":[{"embeddable":true,"href":"https:\/\/linitiative.ca\/International\/wp-json\/wp\/v2\/users\/1775"}],"replies":[{"embeddable":true,"href":"https:\/\/linitiative.ca\/International\/wp-json\/wp\/v2\/comments?post=65026"}],"version-history":[{"count":0,"href":"https:\/\/linitiative.ca\/International\/wp-json\/wp\/v2\/posts\/65026\/revisions"}],"wp:attachment":[{"href":"https:\/\/linitiative.ca\/International\/wp-json\/wp\/v2\/media?parent=65026"}],"wp:term":[{"taxonomy":"category","embeddable":true,"href":"https:\/\/linitiative.ca\/International\/wp-json\/wp\/v2\/categories?post=65026"},{"taxonomy":"post_tag","embeddable":true,"href":"https:\/\/linitiative.ca\/International\/wp-json\/wp\/v2\/tags?post=65026"}],"curies":[{"name":"wp","href":"https:\/\/api.w.org\/{rel}","templated":true}]}}