{"id":65027,"date":"2019-10-21T09:31:41","date_gmt":"2019-10-21T13:31:41","guid":{"rendered":"https:\/\/linitiative.ca\/International\/franchissement-illegal-des-frontieres-maritimes-deux-tentatives-dejouees\/"},"modified":"2019-10-21T09:31:41","modified_gmt":"2019-10-21T13:31:41","slug":"franchissement-illegal-des-frontieres-maritimes-deux-tentatives-dejouees","status":"publish","type":"post","link":"https:\/\/linitiative.ca\/International\/franchissement-illegal-des-frontieres-maritimes-deux-tentatives-dejouees\/","title":{"rendered":"Franchissement ill\u00e9gal des fronti\u00e8res maritimes :  Deux tentatives d\u00e9jou\u00e9es"},"content":{"rendered":"<p>Les unit\u00e9s de la garde nationale relevant de la zone maritime de Sfax ont d\u00e9jou\u00e9, samedi, une tentative de migration clandestine vers l\u2019Italie et arr\u00eat\u00e9 75 personnes dont 8 Tunisiens.<\/p>\n<p>Dans un communiqu\u00e9 publi\u00e9, dimanche, le minist\u00e8re de l\u2019Int\u00e9rieur a fait savoir qu\u2019apr\u00e8s avis du minist\u00e8re public, les migrants clandestins seront d\u00e9f\u00e9r\u00e9s devant la brigade de renseignements maritimes de Sfax pour les besoins de l\u2019enqu\u00eate. Des poursuites judiciaires seront ensuite engag\u00e9es \u00e0 leur encontre pour tentative de franchissement ill\u00e9gal des fronti\u00e8res maritimes.<\/p>\n<p>Dans un deuxi\u00e8me communiqu\u00e9, le minist\u00e8re de l\u2019int\u00e9rieur a annonc\u00e9 qu\u2019une patrouille relevant du poste de la garde national de zarat (gouvernorat de Gab\u00e8s), a r\u00e9ussi, hier samedi, \u00e0 arr\u00eater 11 personnes dont une femme et son enfant mineur qui tentaient de quitter, clandestinement, le golfe de Gab\u00e8s vers l\u2019Italie. Une embarcation \u00e0 deux moteurs transportant du carburant a \u00e9t\u00e9 saisie au cours de cette intervention. Les personnes arr\u00eat\u00e9es seront poursuivies pour tentative d\u2019immigration clandestine.<\/p>\n<p class=\"dpsp-share-text\">Partager c&rsquo;est aimer!<\/p>\n<div class=\"wp-post-author-wrap wp-post-author-shortcode left\">\n<h3 class=\"awpa-title\"\/>\n<div class=\"wp-post-author\">\n<div class=\"awpa-img awpa-author-block square\"><a href=\"http:\/\/lexpertjournal.net\/fr\/author\/expert\/\"><img loading=\"lazy\" decoding=\"async\" alt=\"\" src=\"http:\/\/2.gravatar.com\/avatar\/56d99be2a6f97af88ccb49fada637fcd?s=150&#038;d=mm&#038;r=g\" srcset=\"http:\/\/2.gravatar.com\/avatar\/56d99be2a6f97af88ccb49fada637fcd?s=300&#038;d=mm&#038;r=g 2x\" class=\"avatar avatar-150 photo\" height=\"150\" width=\"150\"\/><\/a><\/div>\n<\/div>\n<\/div>\n<p>Auteur: L&rsquo;expert<br \/>\n<a href=\"http:\/\/lexpertjournal.net\/fr\/2019\/10\/21\/franchissement-illegal-des-frontieres-maritimes-deux-tentatives-dejouees\/\">Cliquez ici pour lire l&rsquo;article depuis sa source.<\/a><\/p>\n","protected":false},"excerpt":{"rendered":"<p>Les unit\u00e9s de la garde nationale relevant de la zone maritime de Sfax ont d\u00e9jou\u00e9, samedi, une tentative de migration clandestine vers l\u2019Italie et arr\u00eat\u00e9 75 personnes dont 8 Tunisiens. Dans un communiqu\u00e9 publi\u00e9, dimanche, le minist\u00e8re de l\u2019Int\u00e9rieur a fait savoir qu\u2019apr\u00e8s avis du minist\u00e8re public, les migrants clandestins seront d\u00e9f\u00e9r\u00e9s devant la brigade [&hellip;]<\/p>\n","protected":false},"author":1775,"featured_media":0,"comment_status":"closed","ping_status":"closed","sticky":false,"template":"","format":"standard","meta":{"fifu_image_url":"","fifu_image_alt":"","footnotes":""},"categories":[78,55],"tags":[],"class_list":["post-65027","post","type-post","status-publish","format-standard","hentry","category-economie","category-tunisie"],"_links":{"self":[{"href":"https:\/\/linitiative.ca\/International\/wp-json\/wp\/v2\/posts\/65027","targetHints":{"allow":["GET"]}}],"collection":[{"href":"https:\/\/linitiative.ca\/International\/wp-json\/wp\/v2\/posts"}],"about":[{"href":"https:\/\/linitiative.ca\/International\/wp-json\/wp\/v2\/types\/post"}],"author":[{"embeddable":true,"href":"https:\/\/linitiative.ca\/International\/wp-json\/wp\/v2\/users\/1775"}],"replies":[{"embeddable":true,"href":"https:\/\/linitiative.ca\/International\/wp-json\/wp\/v2\/comments?post=65027"}],"version-history":[{"count":0,"href":"https:\/\/linitiative.ca\/International\/wp-json\/wp\/v2\/posts\/65027\/revisions"}],"wp:attachment":[{"href":"https:\/\/linitiative.ca\/International\/wp-json\/wp\/v2\/media?parent=65027"}],"wp:term":[{"taxonomy":"category","embeddable":true,"href":"https:\/\/linitiative.ca\/International\/wp-json\/wp\/v2\/categories?post=65027"},{"taxonomy":"post_tag","embeddable":true,"href":"https:\/\/linitiative.ca\/International\/wp-json\/wp\/v2\/tags?post=65027"}],"curies":[{"name":"wp","href":"https:\/\/api.w.org\/{rel}","templated":true}]}}