{"id":65028,"date":"2019-10-21T09:33:41","date_gmt":"2019-10-21T13:33:41","guid":{"rendered":"https:\/\/linitiative.ca\/International\/sante-plus-de-2500-nouveaux-cas-de-cancer-du-sein-chaque-annee\/"},"modified":"2019-10-21T09:33:41","modified_gmt":"2019-10-21T13:33:41","slug":"sante-plus-de-2500-nouveaux-cas-de-cancer-du-sein-chaque-annee","status":"publish","type":"post","link":"https:\/\/linitiative.ca\/International\/sante-plus-de-2500-nouveaux-cas-de-cancer-du-sein-chaque-annee\/","title":{"rendered":"Sant\u00e9 : Plus de 2500 nouveaux cas de cancer du sein, chaque ann\u00e9e"},"content":{"rendered":"<p>Plus de 2500 nouveaux cas du cancer du sein, sont enregistr\u00e9s chaque ann\u00e9e en Tunisie, a indiqu\u00e9 le pr\u00e9sident de l\u2019association Tunisienne d\u2019Assistance aux malades du cancer du sein (ATAMCS), Dr Khaled Rahal. Il pr\u00e9voit, en outre, l\u2019augmentation de ce nombre \u00e0 pr\u00e8s de 4 mille nouveaux cas, au cours des cinq prochaines ann\u00e9es. Il a consid\u00e9r\u00e9 que l\u2019intensification des campagnes de sensibilisation peut contribuer \u00e0 r\u00e9duire le nombre de nouvelles atteintes et \u00e9viter les d\u00e9c\u00e8s \u00e0 un taux de 100 %, gr\u00e2ce au diagnostic pr\u00e9coce mais aussi, en se d\u00e9tournant des causes de la maladie dont notamment le tabagisme, la consommation d\u2019alcool et la procr\u00e9ation tardive .<\/p>\n<p>Lors d\u2019une manifestation de sensibilisation organis\u00e9e par l\u2019association, au complexe culturel et sportif de la jeunesse d\u2019El Menzah 6 (gouvernorat de l\u2019Ariana) dans le cadre de l\u2019octobre rose, le m\u00e9decin a assur\u00e9 que \u00bb l\u2019\u00e9volution scientifique et technologique a contribu\u00e9 \u00e0 trouver des m\u00e9canismes de soins efficaces pour le cancer du sein dont la proc\u00e9dure d\u2019analyses g\u00e9n\u00e9tiques pour conna\u00eetre les raisons r\u00e9elles de la maladie, surtout que 5% des atteintes sont h\u00e9r\u00e9ditaires \u00bb.<\/p>\n<p>Il a pr\u00e9cis\u00e9 que la taille de la tumeur lors de sa d\u00e9tection, mesurait 7 cm, dans les ann\u00e9es 1970, alors qu\u2019actuellement elle mesure 3,5 cm, ce qui est un signe positif en soin.<\/p>\n<p class=\"dpsp-share-text\">Partager c&rsquo;est aimer!<\/p>\n<div class=\"wp-post-author-wrap wp-post-author-shortcode left\">\n<h3 class=\"awpa-title\"\/>\n<div class=\"wp-post-author\">\n<div class=\"awpa-img awpa-author-block square\"><a href=\"http:\/\/lexpertjournal.net\/fr\/author\/expert\/\"><img loading=\"lazy\" decoding=\"async\" alt=\"\" src=\"http:\/\/2.gravatar.com\/avatar\/56d99be2a6f97af88ccb49fada637fcd?s=150&#038;d=mm&#038;r=g\" srcset=\"http:\/\/2.gravatar.com\/avatar\/56d99be2a6f97af88ccb49fada637fcd?s=300&#038;d=mm&#038;r=g 2x\" class=\"avatar avatar-150 photo\" height=\"150\" width=\"150\"\/><\/a><\/div>\n<\/div>\n<\/div>\n<p>Auteur: L&rsquo;expert<br \/>\n<a href=\"http:\/\/lexpertjournal.net\/fr\/2019\/10\/21\/sante-plus-de-2500-nouveaux-cas-de-cancer-du-sein-chaque-annee\/\">Cliquez ici pour lire l&rsquo;article depuis sa source.<\/a><\/p>\n","protected":false},"excerpt":{"rendered":"<p>Plus de 2500 nouveaux cas du cancer du sein, sont enregistr\u00e9s chaque ann\u00e9e en Tunisie, a indiqu\u00e9 le pr\u00e9sident de l\u2019association Tunisienne d\u2019Assistance aux malades du cancer du sein (ATAMCS), Dr Khaled Rahal. Il pr\u00e9voit, en outre, l\u2019augmentation de ce nombre \u00e0 pr\u00e8s de 4 mille nouveaux cas, au cours des cinq prochaines ann\u00e9es. Il [&hellip;]<\/p>\n","protected":false},"author":1775,"featured_media":0,"comment_status":"closed","ping_status":"closed","sticky":false,"template":"","format":"standard","meta":{"fifu_image_url":"","fifu_image_alt":"","footnotes":""},"categories":[78,55],"tags":[],"class_list":["post-65028","post","type-post","status-publish","format-standard","hentry","category-economie","category-tunisie"],"_links":{"self":[{"href":"https:\/\/linitiative.ca\/International\/wp-json\/wp\/v2\/posts\/65028","targetHints":{"allow":["GET"]}}],"collection":[{"href":"https:\/\/linitiative.ca\/International\/wp-json\/wp\/v2\/posts"}],"about":[{"href":"https:\/\/linitiative.ca\/International\/wp-json\/wp\/v2\/types\/post"}],"author":[{"embeddable":true,"href":"https:\/\/linitiative.ca\/International\/wp-json\/wp\/v2\/users\/1775"}],"replies":[{"embeddable":true,"href":"https:\/\/linitiative.ca\/International\/wp-json\/wp\/v2\/comments?post=65028"}],"version-history":[{"count":0,"href":"https:\/\/linitiative.ca\/International\/wp-json\/wp\/v2\/posts\/65028\/revisions"}],"wp:attachment":[{"href":"https:\/\/linitiative.ca\/International\/wp-json\/wp\/v2\/media?parent=65028"}],"wp:term":[{"taxonomy":"category","embeddable":true,"href":"https:\/\/linitiative.ca\/International\/wp-json\/wp\/v2\/categories?post=65028"},{"taxonomy":"post_tag","embeddable":true,"href":"https:\/\/linitiative.ca\/International\/wp-json\/wp\/v2\/tags?post=65028"}],"curies":[{"name":"wp","href":"https:\/\/api.w.org\/{rel}","templated":true}]}}