{"id":65029,"date":"2019-10-21T13:04:36","date_gmt":"2019-10-21T17:04:36","guid":{"rendered":"https:\/\/linitiative.ca\/International\/tlemcen-lancement-du-centenaire-de-la-naissance-de-mohamed-dib-la-mi-fevrier-prochain\/"},"modified":"2019-10-21T13:04:36","modified_gmt":"2019-10-21T17:04:36","slug":"tlemcen-lancement-du-centenaire-de-la-naissance-de-mohamed-dib-la-mi-fevrier-prochain","status":"publish","type":"post","link":"https:\/\/linitiative.ca\/International\/tlemcen-lancement-du-centenaire-de-la-naissance-de-mohamed-dib-la-mi-fevrier-prochain\/","title":{"rendered":"Tlemcen: lancement du centenaire de la naissance de Mohamed Dib la mi f\u00e9vrier prochain"},"content":{"rendered":"<div readability=\"34\">\n<p><strong>TLEMCEN- Le programme de c\u00e9l\u00e9bration du centenaire de la naissance du romancier Mohamed Dib sera lanc\u00e9 la mi f\u00e9vrier 2020, a-t-on appris dimanche \u00e0 Tlemcen des organisateurs.<\/strong><\/p>\n<\/div>\n<div readability=\"97\">\n<p>Cette manifestation, qui s\u2019\u00e9talera \u00e0 longueur d\u2019ann\u00e9e 2020, pr\u00e9voit plusieurs activit\u00e9s culturelles pour faire conna\u00eetre davantage le romancier Mohamed Dib et ses \u0153uvres litt\u00e9raires.<\/p>\n<p>Pour donner un caract\u00e8re national \u00e0 l&rsquo;\u00e9v\u00e8nement, son coup d\u2019envoi sera donn\u00e9 d\u2019Alger en collaboration avec plusieurs associations culturelles locales, a indiqu\u00e9 Sab\u00e8ha Benmansour, pr\u00e9sidente de l\u2019association\u00a0culturelle \u00ab\u00a0La grande maison\u00a0\u00bb de Tlemcen qui s\u2019occupe de la publication des ouvrages du romancier alg\u00e9rien.<\/p>\n<p>Au programme de cette manifestation, plusieurs conf\u00e9rences d\u2019universitaires aborderont le th\u00e8me \u00ab\u00a0Dib et ses pairs\u00a0\u00bb comportant l\u2019autobiographie de plusieurs \u00e9crivains alg\u00e9riens ayant trait\u00e9 de l\u2019identit\u00e9 alg\u00e9rienne dont Mohamed Dib, Assia Djebbar, Mouloud Maameri et Malek Haddad.<\/p>\n<p>Un concours sera d\u00e9di\u00e9 \u00e0 l&rsquo;honneur d&rsquo;\u00e9crivains alg\u00e9riens d\u00e9c\u00e9d\u00e9s en guise de reconnaissance \u00e0 leurs contributions \u00e0 la culture alg\u00e9rienne et aux traditions et coutumes de la soci\u00e9t\u00e9, a-t-on fait savoir.<\/p>\n<p>Le programme de la 5e \u00e9dition des rencontres sur Mohamed Dib dans la wilaya de Tlemcen pr\u00e9vue \u00e0 la mi avril 2020, pr\u00e9voit la pr\u00e9sentation d&rsquo;un ouvrage illustr\u00e9 sous forme de recueil de toutes les \u0153uvres au sein des ateliers de l&rsquo;association \u00ab\u00a0La grande maison\u00a0\u00bb de Tlemcen traitant de l&rsquo;id\u00e9e g\u00e9n\u00e9rale du livre Mohamed Dib \u00ab\u00a0C\u0153ur de l&rsquo;\u00eele\u00a0\u00bb.<\/p>\n<p>Les adh\u00e9rents \u00e0 ces ateliers animeront des s\u00e9ances de lecture de livres de Mohamed Dib intitul\u00e9es \u00ab\u00a0Sur les pas de Dib\u00a0\u00bb et des r\u00e9sum\u00e9s d&rsquo;ouvrages adapt\u00e9s en pi\u00e8ces th\u00e9\u00e2trales, en plus de la pr\u00e9sentation de textes de musique et de photographies.<\/p>\n<p>Un expos\u00e9 de lecture de r\u00e9cits de livres de Mohamed Dib sera pr\u00e9sent\u00e9 accompagn\u00e9 de projection-vid\u00e9o sur l\u2019\u00e9crivain et sa vie familiale, en plus de visionnage du feuilleton \u00ab\u00a0L\u2019incendie\u00a0\u00bb adapt\u00e9 de la trilogie \u00ab\u00a0La grande maison\u00a0\u00bb du romancier.<\/p>\n<p>Un atelier d\u2019arts plastiques de l\u2019artiste Hadjadj Kacem Fethi qui concr\u00e9tise des tableaux adapt\u00e9s du livre \u00ab\u00a0Le m\u00e9tier \u00e0 tisser\u00a0\u00bb de Mohamed Dib sera organis\u00e9 \u00e0 cette occasion, de m\u00eame qu\u2019un caf\u00e9 litt\u00e9raire de\u00a0lecture des textes de Mohammed Dib.<\/p>\n<p>L\u2019association \u00ab\u00a0La grande maison\u00a0\u00bb prendra part, dans le cadre de cette manifestation, \u00e0 un colloque \u00e0 Alger en avril 2020 organis\u00e9 par la facult\u00e9 des langues de l\u2019universit\u00e9 d\u2019Alger 2 et un autre en septembre en France organis\u00e9 par la facult\u00e9 des sciences libres (France) en collaboration avec l\u2019association internationale \u00ab\u00a0Amis Mohamed Dib\u00a0\u00bb pr\u00e9sid\u00e9e par la fille de l\u2019\u00e9crivain Assia Dib, a indiqu\u00e9 Mme Benmansour.<\/p>\n<p>Un ouvrage de photos de Amina Bekkat sera pr\u00e9sent\u00e9 mettant en exergue l\u2019archive de photos de Mohamed Dib et de ses \u0153uvres traduites par Mohamed Sari de Tlemcen, qui supervisera dans le cadre de cette manifestation, la lecture d&rsquo;\u0153uvres de Mohamed Dib par traduites par deux Alg\u00e9riens en langues arabe et amazighe.<\/p>\n<p>Le centenaire de Mohamed Dib sera cl\u00f4tur\u00e9 par la 7e \u00e9dition du prix Mohamed Dib en langues arabe, amazigh et fran\u00e7aise en octobre 2020, ainsi qu\u2019un s\u00e9minaire international \u00ab\u00a0Atlal\u00a0\u00bb du 17 au 19 octobre 2020 sur la personnalit\u00e9 de Mohamed Dib.<\/p>\n<\/div>\n<p>Auteur:<br \/>\n<a href=\"http:\/\/www.aps.dz\/culture\/95955-tlemcen-lancement-du-centenaire-de-la-naissance-de-mohamed-dib-la-mi-fevrier-prochain\">Cliquez ici pour lire l&rsquo;article depuis sa source.<\/a><\/p>\n","protected":false},"excerpt":{"rendered":"<p>TLEMCEN- Le programme de c\u00e9l\u00e9bration du centenaire de la naissance du romancier Mohamed Dib sera lanc\u00e9 la mi f\u00e9vrier 2020, a-t-on appris dimanche \u00e0 Tlemcen des organisateurs. Cette manifestation, qui s\u2019\u00e9talera \u00e0 longueur d\u2019ann\u00e9e 2020, pr\u00e9voit plusieurs activit\u00e9s culturelles pour faire conna\u00eetre davantage le romancier Mohamed Dib et ses \u0153uvres litt\u00e9raires. Pour donner un caract\u00e8re [&hellip;]<\/p>\n","protected":false},"author":1790,"featured_media":0,"comment_status":"closed","ping_status":"closed","sticky":false,"template":"","format":"standard","meta":{"fifu_image_url":"","fifu_image_alt":"","footnotes":""},"categories":[53,79],"tags":[],"class_list":["post-65029","post","type-post","status-publish","format-standard","hentry","category-algerie","category-culture"],"_links":{"self":[{"href":"https:\/\/linitiative.ca\/International\/wp-json\/wp\/v2\/posts\/65029","targetHints":{"allow":["GET"]}}],"collection":[{"href":"https:\/\/linitiative.ca\/International\/wp-json\/wp\/v2\/posts"}],"about":[{"href":"https:\/\/linitiative.ca\/International\/wp-json\/wp\/v2\/types\/post"}],"author":[{"embeddable":true,"href":"https:\/\/linitiative.ca\/International\/wp-json\/wp\/v2\/users\/1790"}],"replies":[{"embeddable":true,"href":"https:\/\/linitiative.ca\/International\/wp-json\/wp\/v2\/comments?post=65029"}],"version-history":[{"count":0,"href":"https:\/\/linitiative.ca\/International\/wp-json\/wp\/v2\/posts\/65029\/revisions"}],"wp:attachment":[{"href":"https:\/\/linitiative.ca\/International\/wp-json\/wp\/v2\/media?parent=65029"}],"wp:term":[{"taxonomy":"category","embeddable":true,"href":"https:\/\/linitiative.ca\/International\/wp-json\/wp\/v2\/categories?post=65029"},{"taxonomy":"post_tag","embeddable":true,"href":"https:\/\/linitiative.ca\/International\/wp-json\/wp\/v2\/tags?post=65029"}],"curies":[{"name":"wp","href":"https:\/\/api.w.org\/{rel}","templated":true}]}}