{"id":65031,"date":"2019-10-21T13:04:46","date_gmt":"2019-10-21T17:04:46","guid":{"rendered":"https:\/\/linitiative.ca\/International\/16-oeuvres-de-jeunes-cineastes-en-competition-aux-journees-nationales-du-court-metrage\/"},"modified":"2019-10-21T13:04:46","modified_gmt":"2019-10-21T17:04:46","slug":"16-oeuvres-de-jeunes-cineastes-en-competition-aux-journees-nationales-du-court-metrage","status":"publish","type":"post","link":"https:\/\/linitiative.ca\/International\/16-oeuvres-de-jeunes-cineastes-en-competition-aux-journees-nationales-du-court-metrage\/","title":{"rendered":"16 \u0153uvres de jeunes cin\u00e9astes en comp\u00e9tition aux journ\u00e9es nationales du court m\u00e9trage"},"content":{"rendered":"<div readability=\"38\">\n<p><strong>BECHAR- Seize (16) \u0153uvres de jeunes cin\u00e9astes seront en comp\u00e9tition aux cinqui\u00e8mes journ\u00e9es nationales du court m\u00e9trage de Bechar (JCMB), pr\u00e9vues du 02 au 05 novembre prochain \u00e0 la maison la culture Kadi Mohamed, a-t-on appris du responsable de l&rsquo;\u00e9tablissement culturel, principal organisateur de l&rsquo;\u00e9v\u00e8nement.<\/strong><\/p>\n<\/div>\n<div readability=\"67.5\">\n<p>Le comit\u00e9 d&rsquo;organisation de la manifestation cin\u00e9matographique a proc\u00e9d\u00e9 \u00e0 la s\u00e9lection de ces \u0153uvres parmi 45 courts-m\u00e9trages visionn\u00e9s lors de la pr\u00e9s\u00e9lection des productions de jeunes cin\u00e9astes-amateurs, a indiqu\u00e9 \u00e0 l&rsquo;APS Amari Hamdani.<\/p>\n<blockquote readability=\"12\">\n<p><em><strong>\u00ab\u00a0Le visionnage des courts m\u00e9trages retenus pour cette \u00e9dition, qui sont des fictions traitant de plusieurs th\u00e8mes, permettront aux sp\u00e9cialistes et au public de d\u00e9couvrir le talent de jeunes cin\u00e9astes, des deux sexes, issus de diff\u00e9rentes r\u00e9gions du pays\u00a0\u00bb, a-t-il soulign\u00e9.<\/strong><\/em><\/p>\n<\/blockquote>\n<p>Un jury, compos\u00e9 de sp\u00e9cialistes du cin\u00e9ma et pr\u00e9sid\u00e9 par le jeune cin\u00e9aste Hasni Malki, aura la lourde tache de d\u00e9cerner les quatre (4) prix de cette manifestation, \u00e0 savoir trois premiers prix (dot\u00e9s d&rsquo;un montant de 120.000 DA, 80.000 DA et 60.000 DA respectivement) et un prix du jury (40.000 DA), a fait savoir M. Amari.<\/p>\n<p>Des ateliers de perfectionnement et de formation pour les participants dans les techniques cin\u00e9matographiques, notamment l\u2019\u00e9criture de scenario, la direction de la prise de vue, le montage de films et la prise de son, sont \u00e9galement au programme des JCMB, en plus d&rsquo;expositions de documents photographiques sur le cin\u00e9ma national et mondial, a-t-il signal\u00e9.<\/p>\n<p>Le court m\u00e9trage \u00ab\u00a0Human\u00a0\u00bb (humain), r\u00e9alis\u00e9 par Issam Taachit de la wilaya de Batna, avait remport\u00e9 le premier prix de la pr\u00e9c\u00e9dente \u00e9dition des JCMB, qui s&rsquo;\u00e9tait d\u00e9roul\u00e9e du 29 novembre au 02 d\u00e9cembre 2017 \u00e0 la maison de la culture Kadi Mohamed.<\/p>\n<\/div>\n<p>Auteur:<br \/>\n<a href=\"http:\/\/www.aps.dz\/culture\/96003-16-oeuvres-de-jeunes-cineastes-en-competition-aux-journees-nationales-du-court-metrage\">Cliquez ici pour lire l&rsquo;article depuis sa source.<\/a><\/p>\n","protected":false},"excerpt":{"rendered":"<p>BECHAR- Seize (16) \u0153uvres de jeunes cin\u00e9astes seront en comp\u00e9tition aux cinqui\u00e8mes journ\u00e9es nationales du court m\u00e9trage de Bechar (JCMB), pr\u00e9vues du 02 au 05 novembre prochain \u00e0 la maison la culture Kadi Mohamed, a-t-on appris du responsable de l&rsquo;\u00e9tablissement culturel, principal organisateur de l&rsquo;\u00e9v\u00e8nement. Le comit\u00e9 d&rsquo;organisation de la manifestation cin\u00e9matographique a proc\u00e9d\u00e9 \u00e0 [&hellip;]<\/p>\n","protected":false},"author":1790,"featured_media":0,"comment_status":"closed","ping_status":"closed","sticky":false,"template":"","format":"standard","meta":{"fifu_image_url":"","fifu_image_alt":"","footnotes":""},"categories":[53,79],"tags":[],"class_list":["post-65031","post","type-post","status-publish","format-standard","hentry","category-algerie","category-culture"],"_links":{"self":[{"href":"https:\/\/linitiative.ca\/International\/wp-json\/wp\/v2\/posts\/65031","targetHints":{"allow":["GET"]}}],"collection":[{"href":"https:\/\/linitiative.ca\/International\/wp-json\/wp\/v2\/posts"}],"about":[{"href":"https:\/\/linitiative.ca\/International\/wp-json\/wp\/v2\/types\/post"}],"author":[{"embeddable":true,"href":"https:\/\/linitiative.ca\/International\/wp-json\/wp\/v2\/users\/1790"}],"replies":[{"embeddable":true,"href":"https:\/\/linitiative.ca\/International\/wp-json\/wp\/v2\/comments?post=65031"}],"version-history":[{"count":0,"href":"https:\/\/linitiative.ca\/International\/wp-json\/wp\/v2\/posts\/65031\/revisions"}],"wp:attachment":[{"href":"https:\/\/linitiative.ca\/International\/wp-json\/wp\/v2\/media?parent=65031"}],"wp:term":[{"taxonomy":"category","embeddable":true,"href":"https:\/\/linitiative.ca\/International\/wp-json\/wp\/v2\/categories?post=65031"},{"taxonomy":"post_tag","embeddable":true,"href":"https:\/\/linitiative.ca\/International\/wp-json\/wp\/v2\/tags?post=65031"}],"curies":[{"name":"wp","href":"https:\/\/api.w.org\/{rel}","templated":true}]}}