{"id":65034,"date":"2019-10-21T09:37:00","date_gmt":"2019-10-21T13:37:00","guid":{"rendered":"https:\/\/linitiative.ca\/International\/actualise-le-proces-de-six-detenus-souvre-demain\/"},"modified":"2019-10-21T09:37:00","modified_gmt":"2019-10-21T13:37:00","slug":"actualise-le-proces-de-six-detenus-souvre-demain","status":"publish","type":"post","link":"https:\/\/linitiative.ca\/International\/actualise-le-proces-de-six-detenus-souvre-demain\/","title":{"rendered":"[Actualis\u00e9] Le proc\u00e8s de six d\u00e9tenus s\u2019ouvre demain"},"content":{"rendered":"<div id=\"originalText\" readability=\"58\">\n<p>Le proc\u00e8s de six d\u00e9tenus d&rsquo;opinion, arr\u00eat\u00e9s pour port de l&#8217;embl\u00e8me amazigh,\u00a0aura lieu demain, au tribunal de Sidi M\u2019hamed, \u00e0 Alger, a\u00a0indiqu\u00e9\u00a0ce lundi, Me Fetta Sadat \u00e0 \u00ab\u00a0Libert\u00e9 Arabi\u00a0\u00bb.<\/p>\n<p>Les d\u00e9tenus concern\u00e9s sont :\u00a0Meharzi Hamza,\u00a0Safi Tahar, Khaled Oudihat, Bilal Bacha, Messaoud Leftissi et Djaber Aibeche.<\/p>\n<p>Le Comit\u00e9 national pour la lib\u00e9ration des d\u00e9tenus (CNLD) a pr\u00e9cis\u00e9 sur sa page Facebook\u00a0que \u00ab\u00a0leur\u00a0proc\u00e8s aura lieu demain mardi 22 octobre \u00e0 9 heures devant la chambre num\u00e9ro 1 du tribunal correctionnel de Sidi M&rsquo;hamed \u00bb.<\/p>\n<p>En outre, l\u2019avocate Alli Yamina a r\u00e9v\u00e9l\u00e9 que \u00ab les dossiers des d\u00e9tenus qui sont incarc\u00e9r\u00e9s depuis le 21, 28 juin et le 05 juillet, seront transf\u00e9r\u00e9s \u00e0 la section correctionnelle du tribunal de Sidi M\u2019hamed \u00bb, et que \u00ab leurs proc\u00e8s seront programm\u00e9s dans les prochains jours \u00bb.<\/p>\n<p class=\"c10\"><strong>Sihem Benmalek<\/strong><\/p>\n<\/div>\n<div id=\"text_core\" readability=\"58\">\n<p>Le proc\u00e8s de six d\u00e9tenus d&rsquo;opinion, arr\u00eat\u00e9s pour port de l&#8217;embl\u00e8me amazigh,\u00a0aura lieu demain, au tribunal de Sidi M\u2019hamed, \u00e0 Alger, a\u00a0indiqu\u00e9\u00a0ce lundi, Me Fetta Sadat \u00e0 \u00ab\u00a0Libert\u00e9 Arabi\u00a0\u00bb.<\/p>\n<p>Les d\u00e9tenus concern\u00e9s sont :\u00a0Meharzi Hamza,\u00a0Safi Tahar, Khaled Oudihat, Bilal Bacha, Messaoud Leftissi et Djaber Aibeche.<\/p>\n<p>Le Comit\u00e9 national pour la lib\u00e9ration des d\u00e9tenus (CNLD) a pr\u00e9cis\u00e9 sur sa page Facebook\u00a0que \u00ab\u00a0leur\u00a0proc\u00e8s aura lieu demain mardi 22 octobre \u00e0 9 heures devant la chambre num\u00e9ro 1 du tribunal correctionnel de Sidi M&rsquo;hamed \u00bb.<\/p>\n<p>En outre, l\u2019avocate Alli Yamina a r\u00e9v\u00e9l\u00e9 que \u00ab les dossiers des d\u00e9tenus qui sont incarc\u00e9r\u00e9s depuis le 21, 28 juin et le 05 juillet, seront transf\u00e9r\u00e9s \u00e0 la section correctionnelle du tribunal de Sidi M\u2019hamed \u00bb, et que \u00ab leurs proc\u00e8s seront programm\u00e9s dans les prochains jours \u00bb.<\/p>\n<p class=\"c10\"><strong>Sihem Benmalek<\/strong><\/p>\n<\/div>\n<p>Auteur:<br \/>\n<a href=\"https:\/\/www.liberte-algerie.com\/actualite\/actualise-le-proces-de-six-detenus-souvre-demain-326434\">Cliquez ici pour lire l&rsquo;article depuis sa source.<\/a><\/p>\n","protected":false},"excerpt":{"rendered":"<p>Le proc\u00e8s de six d\u00e9tenus d&rsquo;opinion, arr\u00eat\u00e9s pour port de l&#8217;embl\u00e8me amazigh,\u00a0aura lieu demain, au tribunal de Sidi M\u2019hamed, \u00e0 Alger, a\u00a0indiqu\u00e9\u00a0ce lundi, Me Fetta Sadat \u00e0 \u00ab\u00a0Libert\u00e9 Arabi\u00a0\u00bb. Les d\u00e9tenus concern\u00e9s sont :\u00a0Meharzi Hamza,\u00a0Safi Tahar, Khaled Oudihat, Bilal Bacha, Messaoud Leftissi et Djaber Aibeche. Le Comit\u00e9 national pour la lib\u00e9ration des d\u00e9tenus (CNLD) a [&hellip;]<\/p>\n","protected":false},"author":1742,"featured_media":0,"comment_status":"closed","ping_status":"closed","sticky":false,"template":"","format":"standard","meta":{"fifu_image_url":"","fifu_image_alt":"","footnotes":""},"categories":[73,53],"tags":[],"class_list":["post-65034","post","type-post","status-publish","format-standard","hentry","category-actualite","category-algerie"],"_links":{"self":[{"href":"https:\/\/linitiative.ca\/International\/wp-json\/wp\/v2\/posts\/65034","targetHints":{"allow":["GET"]}}],"collection":[{"href":"https:\/\/linitiative.ca\/International\/wp-json\/wp\/v2\/posts"}],"about":[{"href":"https:\/\/linitiative.ca\/International\/wp-json\/wp\/v2\/types\/post"}],"author":[{"embeddable":true,"href":"https:\/\/linitiative.ca\/International\/wp-json\/wp\/v2\/users\/1742"}],"replies":[{"embeddable":true,"href":"https:\/\/linitiative.ca\/International\/wp-json\/wp\/v2\/comments?post=65034"}],"version-history":[{"count":0,"href":"https:\/\/linitiative.ca\/International\/wp-json\/wp\/v2\/posts\/65034\/revisions"}],"wp:attachment":[{"href":"https:\/\/linitiative.ca\/International\/wp-json\/wp\/v2\/media?parent=65034"}],"wp:term":[{"taxonomy":"category","embeddable":true,"href":"https:\/\/linitiative.ca\/International\/wp-json\/wp\/v2\/categories?post=65034"},{"taxonomy":"post_tag","embeddable":true,"href":"https:\/\/linitiative.ca\/International\/wp-json\/wp\/v2\/tags?post=65034"}],"curies":[{"name":"wp","href":"https:\/\/api.w.org\/{rel}","templated":true}]}}