{"id":65039,"date":"2019-10-21T08:22:08","date_gmt":"2019-10-21T12:22:08","guid":{"rendered":"https:\/\/linitiative.ca\/International\/justice-entretiens-de-m-benabdelkader-avec-des-ministres\/"},"modified":"2019-10-21T08:22:08","modified_gmt":"2019-10-21T12:22:08","slug":"justice-entretiens-de-m-benabdelkader-avec-des-ministres","status":"publish","type":"post","link":"https:\/\/linitiative.ca\/International\/justice-entretiens-de-m-benabdelkader-avec-des-ministres\/","title":{"rendered":"Justice: Entretiens de M. Benabdelkader avec des ministres"},"content":{"rendered":"<div readability=\"41\">\n<p>Marrakech -Le ministre de la Justice, Mohamed Benabdelkader, a eu, dimanche dans la cit\u00e9 ocre, une s\u00e9rie d\u2019entretiens avec plusieurs de ses homologues arabes et africains et ce, \u00e0 la veille de la 2\u00e8me Conf\u00e9rence internationale de Marrakech sur la Justice, dont les travaux seront ouverts lundi.<\/p>\n<\/div>\n<div readability=\"76\">\n<p>Ainsi, M. Benabdelkader a eu des entretiens avec MM. Bassam Samir Al Talhouni, ministre jordanien de la Justice, Walid Bin Mohammed Bin Saleh Al Samaani, ministre de la Justice d\u2019Arabie Saoudite, Marou Amadou, ministre de la Justice du Niger, et Salvador Ondo Nkumu, ministre \u00e9quato-guin\u00e9en de la Justice.<\/p>\n<p>Le ministre s\u2019est entretenu aussi avec Mmes Priscilla Halenya Schwartz, ministre de la Justice de la Sierra Leone, et Rute Monteiro, ministre de la Justice de la Guin\u00e9e-Bissau.<\/p>\n<p>Dans une d\u00e9claration \u00e0 la presse au terme de ces entrevues, M. Benabdelkader a indiqu\u00e9 que ces discussions bilat\u00e9rales avec plusieurs de ses homologues arabes et africains ont \u00e9t\u00e9 l\u2019occasion de passer en revue le champ de la coop\u00e9ration entre le Maroc et ces pays dans le domaine de la justice, ainsi que les efforts d\u00e9ploy\u00e9s par le Royaume et ces Etats pour le d\u00e9veloppement et la modernisation du syst\u00e8me judiciaire.<\/p>\n<p>Ces entretiens, a-t-il ajout\u00e9, ont aussi offert l\u2019opportunit\u00e9 pour \u00e9voquer certaines exp\u00e9riences importantes en mati\u00e8re de s\u00e9paration des pouvoirs judiciaire et ex\u00e9cutif \u00e0 m\u00eame d\u2019\u00e9difier un pouvoir judiciaire ind\u00e9pendant et autonome.<\/p>\n<p>Et le ministre de relever que ces rencontres ont \u00e9t\u00e9 \u00e9galement l\u2019occasion d\u2019explorer les nouvelles perspectives de coop\u00e9ration avec ces pays dans le domaine de la justice, tout en mettant l\u2019accent sur l\u2019\u00e9change des exp\u00e9riences en mati\u00e8re d\u2019administration de la justice et de gouvernance judiciaire.<\/p>\n<p>Dans ce sens, M. Benabdelkader a fait savoir que certains de ces ministres ont demand\u00e9 \u00e0 b\u00e9n\u00e9ficier de l\u2019assistance et de l\u2019appui du Maroc et \u00e0 partager avec leurs pays respectifs l\u2019exp\u00e9rience cumul\u00e9e par le Royaume en mati\u00e8re de formation des cadres oeuvrant dans le domaine de l\u2019administration de la justice, de transition num\u00e9rique et de d\u00e9mat\u00e9rialisation des processus judiciaires, vu la grande exp\u00e9rience du Maroc dans ces domaines.<\/p>\n<\/div>\n<p>Auteur: Meriem IGASS<br \/>\n<a href=\"http:\/\/www.mapmarrakech.ma\/fr\/justice\/\">Cliquez ici pour lire l&rsquo;article depuis sa source.<\/a><\/p>\n","protected":false},"excerpt":{"rendered":"<p>Marrakech -Le ministre de la Justice, Mohamed Benabdelkader, a eu, dimanche dans la cit\u00e9 ocre, une s\u00e9rie d\u2019entretiens avec plusieurs de ses homologues arabes et africains et ce, \u00e0 la veille de la 2\u00e8me Conf\u00e9rence internationale de Marrakech sur la Justice, dont les travaux seront ouverts lundi. Ainsi, M. Benabdelkader a eu des entretiens avec [&hellip;]<\/p>\n","protected":false},"author":1788,"featured_media":0,"comment_status":"closed","ping_status":"closed","sticky":false,"template":"","format":"standard","meta":{"fifu_image_url":"","fifu_image_alt":"","footnotes":""},"categories":[54,76],"tags":[],"class_list":["post-65039","post","type-post","status-publish","format-standard","hentry","category-maroc","category-regions"],"_links":{"self":[{"href":"https:\/\/linitiative.ca\/International\/wp-json\/wp\/v2\/posts\/65039","targetHints":{"allow":["GET"]}}],"collection":[{"href":"https:\/\/linitiative.ca\/International\/wp-json\/wp\/v2\/posts"}],"about":[{"href":"https:\/\/linitiative.ca\/International\/wp-json\/wp\/v2\/types\/post"}],"author":[{"embeddable":true,"href":"https:\/\/linitiative.ca\/International\/wp-json\/wp\/v2\/users\/1788"}],"replies":[{"embeddable":true,"href":"https:\/\/linitiative.ca\/International\/wp-json\/wp\/v2\/comments?post=65039"}],"version-history":[{"count":0,"href":"https:\/\/linitiative.ca\/International\/wp-json\/wp\/v2\/posts\/65039\/revisions"}],"wp:attachment":[{"href":"https:\/\/linitiative.ca\/International\/wp-json\/wp\/v2\/media?parent=65039"}],"wp:term":[{"taxonomy":"category","embeddable":true,"href":"https:\/\/linitiative.ca\/International\/wp-json\/wp\/v2\/categories?post=65039"},{"taxonomy":"post_tag","embeddable":true,"href":"https:\/\/linitiative.ca\/International\/wp-json\/wp\/v2\/tags?post=65039"}],"curies":[{"name":"wp","href":"https:\/\/api.w.org\/{rel}","templated":true}]}}