{"id":65040,"date":"2019-10-21T08:51:29","date_gmt":"2019-10-21T12:51:29","guid":{"rendered":"https:\/\/linitiative.ca\/International\/wallonie-bruxelles-renforce-sa-cooperation-avec-la-region\/"},"modified":"2019-10-21T08:51:29","modified_gmt":"2019-10-21T12:51:29","slug":"wallonie-bruxelles-renforce-sa-cooperation-avec-la-region","status":"publish","type":"post","link":"https:\/\/linitiative.ca\/International\/wallonie-bruxelles-renforce-sa-cooperation-avec-la-region\/","title":{"rendered":"Wallonie-Bruxelles renforce sa coop\u00e9ration avec la r\u00e9gion"},"content":{"rendered":"<div readability=\"40\">\n<p>Marrakech \u2013 Le vice-pr\u00e9sident du Conseil r\u00e9gional de Marrakech-Safi, Touhami Mouhib a eu samedi, au si\u00e8ge de la r\u00e9gion \u00e0 Marrakech, des entretiens avec le d\u00e9l\u00e9gu\u00e9 g\u00e9n\u00e9ral de la F\u00e9d\u00e9ration Wallonie-Bruxelles, Motonobu Kasajima, ax\u00e9s sur les moyens \u00e0 m\u00eame de mettre en \u0153uvre le protocole de coop\u00e9ration liant les deux parties dans le domaine de la promotion culturelle et de la formation professionnelle.<\/p>\n<\/div>\n<div readability=\"76\">\n<p>M.Touhami, qui \u00e9tait accompagn\u00e9 de la pr\u00e9sidente de la commission de l\u2019action culturelle au sein du Conseil r\u00e9gional de Marrakech-Safi, Mme Touria Ikbal, a indiqu\u00e9 \u00e0 cette occasion, que le Conseil r\u00e9gional accorde une grande importance au volet de la promotion culturelle, relevant que la coop\u00e9ration avec la \u00ab\u00a0Capitale de l\u2019Europe\u00a0\u00bb, l\u2019une des m\u00e9tropoles internationales les plus cosmopolites avec plus de 183 nationalit\u00e9s diff\u00e9rentes, vise \u00e0 initier des activit\u00e9s concr\u00e8tes associant les partenaires.<\/p>\n<p>M.Motonobu Kasajima a pour sa part, soulign\u00e9 que cette convention confirme la volont\u00e9 de la F\u00e9d\u00e9ration Wallonie-Bruxelles de renforcer le rayonnement de Bruxelles en ancrant encore la capitale belge dans le paysage national, international et de la francophonie.<\/p>\n<p>La F\u00e9d\u00e9ration s\u2019int\u00e9resse aussi \u00e0 d\u2019autres volets pour l\u2019augmentation de l\u2019attractivit\u00e9 des villes, dont la formation professionnelle et universitaire qui d\u00e9veloppe la croissance r\u00e9gionale et la cr\u00e9ation d\u2019un march\u00e9 d\u2019emploi, et la culture, qui v\u00e9hicule des valeurs universelles, renforce la coh\u00e9sion sociale et construit une citoyennet\u00e9, a-t-il ajout\u00e9.<\/p>\n<p>La r\u00e9gion de Marrakech-Safi et la F\u00e9d\u00e9ration Wallonie-Bruxelles avaient sign\u00e9 en mai 2018 une convention de coop\u00e9ration dans le domaine de la promotion culturelle et de la formation professionnelle.<\/p>\n<p>Cet accord s\u2019inscrit dans le cadre du 3e axe de travail fix\u00e9 par la 7e session de la Commission mixte permanente entre la Wallonie-Bruxelles et le Maroc.<br \/>Cette convention de coop\u00e9ration vise \u00e0 favoriser les \u00e9changes culturels, notamment par la mise en relation des acteurs artistiques et culturels, la promotion des produits r\u00e9gionaux et la participation \u00e0 des salons ou des manifestations organis\u00e9s sur les territoires des deux r\u00e9gions et communaut\u00e9s.<br \/>Quant au volet de la formation des jeunes, de l\u2019\u00e9ducation et de l\u2019apprentissage en lien avec la promotion des territoires, la coop\u00e9ration vise \u00e0 encourager les partenariats entre organismes de formation des jeunes, notamment universitaires et de formation professionnelle, ainsi qu\u2019\u00e0 promouvoir et soutenir la mobilit\u00e9 des jeunes.<br \/>Ce protocole de collaboration se d\u00e9cline sous la forme d\u2019un contrat-programme anim\u00e9 par un comit\u00e9 paritaire de pilotage, plac\u00e9 sous l\u2019autorit\u00e9 du pr\u00e9sident de la r\u00e9gion de Marrakech-Safi et du\u00a0ministre de l\u2019Aide \u00e0 la jeunesse, des Maisons de justice, des sports et de la promotion de Bruxelles \u00e0 la F\u00e9d\u00e9ration Wallonie-Bruxelles.<\/p>\n<\/div>\n<p>Auteur: Meriem IGASS<br \/>\n<a href=\"http:\/\/www.mapmarrakech.ma\/fr\/cooperation\/\">Cliquez ici pour lire l&rsquo;article depuis sa source.<\/a><\/p>\n","protected":false},"excerpt":{"rendered":"<p>Marrakech \u2013 Le vice-pr\u00e9sident du Conseil r\u00e9gional de Marrakech-Safi, Touhami Mouhib a eu samedi, au si\u00e8ge de la r\u00e9gion \u00e0 Marrakech, des entretiens avec le d\u00e9l\u00e9gu\u00e9 g\u00e9n\u00e9ral de la F\u00e9d\u00e9ration Wallonie-Bruxelles, Motonobu Kasajima, ax\u00e9s sur les moyens \u00e0 m\u00eame de mettre en \u0153uvre le protocole de coop\u00e9ration liant les deux parties dans le domaine de [&hellip;]<\/p>\n","protected":false},"author":1788,"featured_media":0,"comment_status":"closed","ping_status":"closed","sticky":false,"template":"","format":"standard","meta":{"fifu_image_url":"","fifu_image_alt":"","footnotes":""},"categories":[54,76],"tags":[],"class_list":["post-65040","post","type-post","status-publish","format-standard","hentry","category-maroc","category-regions"],"_links":{"self":[{"href":"https:\/\/linitiative.ca\/International\/wp-json\/wp\/v2\/posts\/65040","targetHints":{"allow":["GET"]}}],"collection":[{"href":"https:\/\/linitiative.ca\/International\/wp-json\/wp\/v2\/posts"}],"about":[{"href":"https:\/\/linitiative.ca\/International\/wp-json\/wp\/v2\/types\/post"}],"author":[{"embeddable":true,"href":"https:\/\/linitiative.ca\/International\/wp-json\/wp\/v2\/users\/1788"}],"replies":[{"embeddable":true,"href":"https:\/\/linitiative.ca\/International\/wp-json\/wp\/v2\/comments?post=65040"}],"version-history":[{"count":0,"href":"https:\/\/linitiative.ca\/International\/wp-json\/wp\/v2\/posts\/65040\/revisions"}],"wp:attachment":[{"href":"https:\/\/linitiative.ca\/International\/wp-json\/wp\/v2\/media?parent=65040"}],"wp:term":[{"taxonomy":"category","embeddable":true,"href":"https:\/\/linitiative.ca\/International\/wp-json\/wp\/v2\/categories?post=65040"},{"taxonomy":"post_tag","embeddable":true,"href":"https:\/\/linitiative.ca\/International\/wp-json\/wp\/v2\/tags?post=65040"}],"curies":[{"name":"wp","href":"https:\/\/api.w.org\/{rel}","templated":true}]}}