{"id":65041,"date":"2019-10-21T10:06:51","date_gmt":"2019-10-21T14:06:51","guid":{"rendered":"https:\/\/linitiative.ca\/International\/ouverture-de-la-2e-conference-internationale-sur-la-justice\/"},"modified":"2019-10-21T10:06:51","modified_gmt":"2019-10-21T14:06:51","slug":"ouverture-de-la-2e-conference-internationale-sur-la-justice","status":"publish","type":"post","link":"https:\/\/linitiative.ca\/International\/ouverture-de-la-2e-conference-internationale-sur-la-justice\/","title":{"rendered":"Ouverture de la 2\u00e8 Conf\u00e9rence Internationale sur la Justice"},"content":{"rendered":"<div readability=\"36\">\n<p>Marrakech \u2013 Les travaux de la 2\u00e8me \u00e9dition de la Conf\u00e9rence internationale de Marrakech sur la Justice se sont ouverts, lundi dans la cit\u00e9 ocre, en pr\u00e9sence de pr\u00e8s de 800 repr\u00e9sentants de plus de 70 pays.<\/p>\n<\/div>\n<div readability=\"122\">\n<p>Plac\u00e9e sous le Haut Patronage de Sa Majest\u00e9 le Roi Mohammed VI, cette Conf\u00e9rence, initi\u00e9e sous le th\u00e8me \u00ab\u00a0Justice et Investissement: D\u00e9fis et Enjeux\u00a0\u00bb, conna\u00eet la participation de plus de 40 ministres de la justice et d\u2019un grand nombre de hauts responsables des conseils sup\u00e9rieurs de la magistrature et de procureurs, ainsi que des acteurs-cl\u00e9 des institutions \u00e9conomiques et financi\u00e8res internationales sp\u00e9cialis\u00e9es.<\/p>\n<p>Organis\u00e9 par le Minist\u00e8re de la Justice, le Conseil Sup\u00e9rieur du Pouvoir Judiciaire et la Pr\u00e9sidence du Minist\u00e8re Public, ce grand conclave de deux jours s\u2019inscrit dans le cadre des Hautes Directives Royales visant \u00e0 stimuler les investissements, \u00e0 renforcer la comp\u00e9titivit\u00e9 de l\u2019\u00e9conomie nationale et \u00e0 am\u00e9liorer l\u2019environnement des entreprises, notamment par l\u2019adoption d\u2019une culture de dialogue, de consultation et de coordination entre les diff\u00e9rents acteurs du secteur de la justice et les acteurs \u00e9conomiques cl\u00e9s au Maroc et \u00e0 l\u2019international.<\/p>\n<p>La c\u00e9r\u00e9monie d\u2019ouverture de cette Conf\u00e9rence internationale a \u00e9t\u00e9 marqu\u00e9e par un message Royal adress\u00e9 par SM le Roi Mohammed VI aux participants, dont lecture a \u00e9t\u00e9 donn\u00e9e par le ministre d\u2019Etat charg\u00e9 des droits de l\u2019Homme et des Relations avec le Parlement, Mustapha Ramid.<\/p>\n<p>Dans ce message, le Souverain a soulign\u00e9 que la justice est l\u2019une des cl\u00e9s essentielles pour fortifier le climat des affaires, promouvoir la libert\u00e9 d\u2019entreprendre et prot\u00e9ger l\u2019entreprise, notant que la mise en place d\u2019un climat propice \u00e0 l\u2019investissement requiert des garanties juridiques et \u00e9conomiques susceptibles de renforcer la confiance dans le syst\u00e8me judiciaire.<\/p>\n<p>\u00ab\u00a0Au-del\u00e0 de l\u2019actualisation des l\u00e9gislations incitatives en vigueur, la mise en place d\u2019un climat propice \u00e0 l\u2019investissement requiert des garanties juridiques et \u00e9conomiques susceptibles de renforcer la confiance dans le syst\u00e8me judiciaire et d\u2019assurer une s\u00e9curit\u00e9 totale aux investisseurs\u00a0\u00bb, a relev\u00e9 SM le Roi.<\/p>\n<p>Insistant sur l\u2019importance de proc\u00e9der \u00e0 une uniformisation des normes et des proc\u00e9dures de r\u00e8glement des litiges li\u00e9s \u00e0 l\u2019investissement, aux niveaux national, r\u00e9gional et international, SM le Roi a affirm\u00e9 qu\u2019il \u00e9tait primordial de d\u00e9passer les probl\u00e9matiques li\u00e9es \u00e0 la comp\u00e9tence des juridictions nationales, en mettant en place un syst\u00e8me juridique adapt\u00e9.<\/p>\n<p>\u00ab\u00a0Ce dispositif nouveau doit permettre de pr\u00e9venir les probl\u00e8mes \u00e9ventuels et d\u2019endiguer les contentieux, gr\u00e2ce \u00e0 la cr\u00e9ation d\u2019organes sp\u00e9cialis\u00e9s dans la r\u00e9solution de diff\u00e9rends, selon des d\u00e9lais raisonnables. Il doit aussi \u00eatre en mesure de prendre en consid\u00e9ration les sp\u00e9cificit\u00e9s des litiges financiers et d\u2019agir avec diligence, efficacit\u00e9 et souplesse\u00a0\u00bb, a poursuivi le Souverain.<\/p>\n<p>Cette 2\u00e8me Conf\u00e9rence internationale de Marrakech sur la Justice s\u2019assigne pour objectifs de se familiariser avec les bonnes pratiques de mani\u00e8re \u00e0 en tirer le plus grand b\u00e9n\u00e9fice, de faciliter l\u2019int\u00e9gration de l\u2019\u00e9conomie du pays dans le syst\u00e8me de la mondialisation et de renforcer les canaux de communication et de rapprochement entre les syst\u00e8mes juridiques et judiciaires.<\/p>\n<p>Elle offre \u00e9galement l\u2019occasion d\u2019assurer un \u00e9change continu des connaissances et des informations et de pr\u00e9senter des suggestions innovantes et des recommandations pratiques pour que ce conclave devienne, pr\u00e9sentement et dans le futur, un cadre propice d\u2019\u00e9change des exp\u00e9riences et des expertises, ainsi qu\u2019un levier de d\u00e9veloppement de la coop\u00e9ration des syst\u00e8mes juridiques et judiciaires.<\/p>\n<p>Cette 2\u00e8me Conf\u00e9rence Internationale vise aussi le renforcement de la mise en oeuvre des m\u00e9canismes de coop\u00e9ration internationale et l\u2019\u00e9change autour des exp\u00e9riences r\u00e9ussies.<\/p>\n<p>Figure au programme de cette Rencontre de grande envergure, quatre ateliers ax\u00e9s sur des th\u00e9matiques portant sur \u00ab\u00a0La modernisation du syst\u00e8me juridique des affaires\u00a0\u00bb, \u00ab\u00a0Le r\u00f4le de la justice dans l\u2019am\u00e9lioration de l\u2019environnement des affaires\u00a0\u00bb, \u00ab\u00a0L\u2019utilisation des technologies de l\u2019information\u00a0\u00bb et \u00ab\u00a0Les enjeux des groupements r\u00e9gionaux\u00a0\u00bb.<\/p>\n<p>Ces ateliers seront l\u2019occasion de partager et de d\u00e9battre autour de la question primordiale du lien entre justice et d\u00e9veloppement de l\u2019investissement et \u00e0 propos du r\u00f4le de la justice et du droit dans l\u2019am\u00e9lioration de l\u2019attractivit\u00e9 de l\u2019environnement des affaires et l\u2019incitation \u00e0 l\u2019investissement.<\/p>\n<p>Cette 2\u00e8me \u00e9dition de la Conf\u00e9rence internationale de Marrakech sur la Justice sera \u00e9galement une opportunit\u00e9 pour des concertations entre pays et organisations et pour des signatures de conventions bilat\u00e9rales.<\/p>\n<\/div>\n<p>Auteur: Meriem IGASS<br \/>\n<a href=\"http:\/\/www.mapmarrakech.ma\/fr\/justice-2\/\">Cliquez ici pour lire l&rsquo;article depuis sa source.<\/a><\/p>\n","protected":false},"excerpt":{"rendered":"<p>Marrakech \u2013 Les travaux de la 2\u00e8me \u00e9dition de la Conf\u00e9rence internationale de Marrakech sur la Justice se sont ouverts, lundi dans la cit\u00e9 ocre, en pr\u00e9sence de pr\u00e8s de 800 repr\u00e9sentants de plus de 70 pays. Plac\u00e9e sous le Haut Patronage de Sa Majest\u00e9 le Roi Mohammed VI, cette Conf\u00e9rence, initi\u00e9e sous le th\u00e8me [&hellip;]<\/p>\n","protected":false},"author":1788,"featured_media":0,"comment_status":"closed","ping_status":"closed","sticky":false,"template":"","format":"standard","meta":{"fifu_image_url":"","fifu_image_alt":"","footnotes":""},"categories":[54,76],"tags":[],"class_list":["post-65041","post","type-post","status-publish","format-standard","hentry","category-maroc","category-regions"],"_links":{"self":[{"href":"https:\/\/linitiative.ca\/International\/wp-json\/wp\/v2\/posts\/65041","targetHints":{"allow":["GET"]}}],"collection":[{"href":"https:\/\/linitiative.ca\/International\/wp-json\/wp\/v2\/posts"}],"about":[{"href":"https:\/\/linitiative.ca\/International\/wp-json\/wp\/v2\/types\/post"}],"author":[{"embeddable":true,"href":"https:\/\/linitiative.ca\/International\/wp-json\/wp\/v2\/users\/1788"}],"replies":[{"embeddable":true,"href":"https:\/\/linitiative.ca\/International\/wp-json\/wp\/v2\/comments?post=65041"}],"version-history":[{"count":0,"href":"https:\/\/linitiative.ca\/International\/wp-json\/wp\/v2\/posts\/65041\/revisions"}],"wp:attachment":[{"href":"https:\/\/linitiative.ca\/International\/wp-json\/wp\/v2\/media?parent=65041"}],"wp:term":[{"taxonomy":"category","embeddable":true,"href":"https:\/\/linitiative.ca\/International\/wp-json\/wp\/v2\/categories?post=65041"},{"taxonomy":"post_tag","embeddable":true,"href":"https:\/\/linitiative.ca\/International\/wp-json\/wp\/v2\/tags?post=65041"}],"curies":[{"name":"wp","href":"https:\/\/api.w.org\/{rel}","templated":true}]}}