{"id":65046,"date":"2019-10-21T12:51:06","date_gmt":"2019-10-21T16:51:06","guid":{"rendered":"https:\/\/linitiative.ca\/International\/beldjoud-met-laccent-sur-lachevement-du-programme-de-logements-au-pole-urbain-din-salah\/"},"modified":"2019-10-21T12:51:06","modified_gmt":"2019-10-21T16:51:06","slug":"beldjoud-met-laccent-sur-lachevement-du-programme-de-logements-au-pole-urbain-din-salah","status":"publish","type":"post","link":"https:\/\/linitiative.ca\/International\/beldjoud-met-laccent-sur-lachevement-du-programme-de-logements-au-pole-urbain-din-salah\/","title":{"rendered":"Beldjoud met l\u2019accent sur l\u2019ach\u00e8vement du programme de logements au p\u00f4le urbain d\u2019In-Salah"},"content":{"rendered":"<div readability=\"39\">\n<p><strong>TAMANRASSET &#8211; Le ministre de l\u2019Habitat, de l\u2019Urbanisme et de la Ville, Kamel Beldjoud, a mis l\u2019accent, lundi \u00e0 Tamanrasset, sur la n\u00e9cessit\u00e9 d\u2019achever le programme de logements au p\u00f4le urbain \u00ab\u00a0Djoualil&rsquo; dans la wilaya d\u00e9l\u00e9gu\u00e9e d\u2019In-Salah (750 km Nord de Tamanrasset).<\/strong><\/p>\n<\/div>\n<div readability=\"77\">\n<p>\u00ab\u00a0Il appartient d\u2019h\u00e2ter les travaux de r\u00e9alisation des 555 logements restants du programme de 1.600 logements sociaux implant\u00e9s au niveau du p\u00f4le urbain +Djoualil+ pour une enveloppe de plus de 4,5 milliards DA\u00a0\u00bb, a soulign\u00e9 le ministre lors de l\u2019inspection des travaux d\u2019am\u00e9nagement du lotissement social \u00ab\u00a0El-Baraka\u00a0\u00bb dans la commune d\u2019In-Salah.<\/p>\n<p>M.Beldjoud a fait savoir, \u00e0 ce titre, que des cadres de son d\u00e9partement seront d\u00e9p\u00each\u00e9s dans les prochains jours \u00e0 In-Salah pour constater sur terrain l\u2019avancement des projets d\u2019habitat et examiner les voies de leur ach\u00e8vement \u00e0 travers les communes d\u2019In-Salah, Foggaret-Ezzoua et In-Ghar.<\/p>\n<p>Il a r\u00e9v\u00e9l\u00e9, en outre, que la wilaya d\u00e9l\u00e9gu\u00e9e d\u2019In-Salah s\u2019est vue accorder 4.361 lots de terrain \u00e0 b\u00e2tir, structur\u00e9s en 22 lotissements sociaux \u00e0 travers ses trois communes, ajoutant qu\u2019un financement \u00ab\u00a0cons\u00e9quent\u00a0\u00bb a \u00e9t\u00e9 d\u00e9gag\u00e9 par l\u2019Etat pour la r\u00e9alisation de travaux d\u2019am\u00e9nagement et l\u2019ouverture de routes au niveau des lotissements cr\u00e9\u00e9s dans les wilayas du Sud et des Hauts plateaux.<\/p>\n<p>Le ministre a, sur site, proc\u00e9d\u00e9 \u00e0 la remise de d\u00e9cisions d\u2019attribution d\u2019aides \u00e0 la r\u00e9alisation de logements individuels au profit des b\u00e9n\u00e9ficiaires d\u2019In-Salah, avant de remettre une d\u00e9cision d\u2019affectation d\u2019une ambulance \u00e0 l\u2019\u00e9tablissement public de sant\u00e9 de proximit\u00e9 de la commune d\u2019In-Ghar.<\/p>\n<p>Il a, auparavant, proc\u00e9d\u00e9 \u00e0 l\u2019inauguration d\u2019un lyc\u00e9e de 600 places, avant d\u2019inspecter le projet de r\u00e9alisation, pour plus de 86 millions DA, de 20 logements de fonction affect\u00e9s au secteur de l\u2019\u00e9ducation, actuellement \u00e0 un taux d\u2018avancement de 15 %.<\/p>\n<p>Le ministre a visit\u00e9 \u00e9galement les projets de r\u00e9alisation de 30 et 80 logements publics locatifs implant\u00e9s respectivement dans les communes de Silet et Abalessa, o\u00f9 il a insist\u00e9 sur le boisement des sites entourant les nouveaux groupements urbains.<\/p>\n<\/div>\n<p>Auteur:<br \/>\n<a href=\"http:\/\/www.aps.dz\/regions\/96022-beldjoud-met-l-accent-sur-l-achevement-du-programme-de-logements-au-pole-urbain-d-in-salah\">Cliquez ici pour lire l&rsquo;article depuis sa source.<\/a><\/p>\n","protected":false},"excerpt":{"rendered":"<p>TAMANRASSET &#8211; Le ministre de l\u2019Habitat, de l\u2019Urbanisme et de la Ville, Kamel Beldjoud, a mis l\u2019accent, lundi \u00e0 Tamanrasset, sur la n\u00e9cessit\u00e9 d\u2019achever le programme de logements au p\u00f4le urbain \u00ab\u00a0Djoualil&rsquo; dans la wilaya d\u00e9l\u00e9gu\u00e9e d\u2019In-Salah (750 km Nord de Tamanrasset). \u00ab\u00a0Il appartient d\u2019h\u00e2ter les travaux de r\u00e9alisation des 555 logements restants du programme [&hellip;]<\/p>\n","protected":false},"author":1790,"featured_media":0,"comment_status":"closed","ping_status":"closed","sticky":false,"template":"","format":"standard","meta":{"fifu_image_url":"","fifu_image_alt":"","footnotes":""},"categories":[53,76],"tags":[],"class_list":["post-65046","post","type-post","status-publish","format-standard","hentry","category-algerie","category-regions"],"_links":{"self":[{"href":"https:\/\/linitiative.ca\/International\/wp-json\/wp\/v2\/posts\/65046","targetHints":{"allow":["GET"]}}],"collection":[{"href":"https:\/\/linitiative.ca\/International\/wp-json\/wp\/v2\/posts"}],"about":[{"href":"https:\/\/linitiative.ca\/International\/wp-json\/wp\/v2\/types\/post"}],"author":[{"embeddable":true,"href":"https:\/\/linitiative.ca\/International\/wp-json\/wp\/v2\/users\/1790"}],"replies":[{"embeddable":true,"href":"https:\/\/linitiative.ca\/International\/wp-json\/wp\/v2\/comments?post=65046"}],"version-history":[{"count":0,"href":"https:\/\/linitiative.ca\/International\/wp-json\/wp\/v2\/posts\/65046\/revisions"}],"wp:attachment":[{"href":"https:\/\/linitiative.ca\/International\/wp-json\/wp\/v2\/media?parent=65046"}],"wp:term":[{"taxonomy":"category","embeddable":true,"href":"https:\/\/linitiative.ca\/International\/wp-json\/wp\/v2\/categories?post=65046"},{"taxonomy":"post_tag","embeddable":true,"href":"https:\/\/linitiative.ca\/International\/wp-json\/wp\/v2\/tags?post=65046"}],"curies":[{"name":"wp","href":"https:\/\/api.w.org\/{rel}","templated":true}]}}