{"id":65047,"date":"2019-10-21T13:10:20","date_gmt":"2019-10-21T17:10:20","guid":{"rendered":"https:\/\/linitiative.ca\/International\/a-la-recherche-des-modalites-pour-harmoniser-et-reduire-les-inegalites-entre-les-territoires\/"},"modified":"2019-10-21T13:10:20","modified_gmt":"2019-10-21T17:10:20","slug":"a-la-recherche-des-modalites-pour-harmoniser-et-reduire-les-inegalites-entre-les-territoires","status":"publish","type":"post","link":"https:\/\/linitiative.ca\/International\/a-la-recherche-des-modalites-pour-harmoniser-et-reduire-les-inegalites-entre-les-territoires\/","title":{"rendered":"A la recherche des modalit\u00e9s pour harmoniser et r\u00e9duire les in\u00e9galit\u00e9s entre les territoires"},"content":{"rendered":"<div readability=\"39\">\n<p><strong>SETIF- La strat\u00e9gie adopt\u00e9e actuellement dans le pays repose sur la recherche des modalit\u00e9s permettant de r\u00e9duire les in\u00e9galit\u00e9s entre les territoires et instaurer une harmonie et \u00e9quilibre entre eux, a affirm\u00e9 lundi le Directeur g\u00e9n\u00e9ral des ressources humaines, de la formation et des statuts au minist\u00e8re de l\u2019Int\u00e9rieur, des Collectivit\u00e9s locales et l\u2019Am\u00e9nagement du territoire, Abdelhalim Merabti.<\/strong><\/p>\n<\/div>\n<div readability=\"91\">\n<p>Pr\u00e9sidant l\u2019ouverture des travaux de la premi\u00e8re session d\u2019\u00e9tude externe 2019 intitul\u00e9e \u00ab\u00a0Renforcement des capacit\u00e9s d\u2019administration des recherches strat\u00e9giques\u00a0\u00bb, M. Merabti a estim\u00e9 que tous les acteurs doivent penser \u00e0 am\u00e9liorer l\u2019attractivit\u00e9 des territoires pour g\u00e9n\u00e9raliser le d\u00e9veloppement.<\/p>\n<p>Estimant \u00e0 ce propos que l\u2019exp\u00e9rience chinoise int\u00e9resse l\u2019Alg\u00e9rie dans sa d\u00e9marche de r\u00e9duction des in\u00e9galit\u00e9s entre les territoires que sont les villes, leurs alentours et les campagnes, il a relev\u00e9 que cette premi\u00e8re rencontre s\u2019inscrit dans le cadre du partenariat strat\u00e9gique entre l\u2019Alg\u00e9rie et la Chine ayant donn\u00e9 lieu \u00e0 la signature d\u2019un m\u00e9morandum d\u2019entente entre le ministre de l\u2019Int\u00e9rieur et des Collectivit\u00e9s locales et l\u2019Acad\u00e9mie nationale chinoise de gouvernance pour la formation des cadres du minist\u00e8re.<\/p>\n<p>La nouvelle phase entam\u00e9e de partenariat (2019\/2021) s\u2019articulera autour du renforcement des \u00e9changes et de la coop\u00e9ration pour consolider les capacit\u00e9s de gouvernance, de recherche scientifique et de consulting au travers de l\u2019ex\u00e9cution de projets d\u2019int\u00e9r\u00eat commun, a ajout\u00e9 M. Merabti, pr\u00e9cisant que les deux parties poursuivront l\u2019organisation d\u2019actions de formation en Alg\u00e9rie et en Chine pour tirer avantage de l\u2019exp\u00e9rience chinoise en mati\u00e8re de fondation d&rsquo;un centre de recherche d\u00e9velopp\u00e9 pour la\u00a0modernisation des capacit\u00e9s de l\u2019administration nationale.<\/p>\n<p>Dans le cadre de ce partenariat, plus de 400 hauts cadres ont b\u00e9n\u00e9fici\u00e9 de sessions d\u2019\u00e9tude et de visites entre les deux pays, outre le d\u00e9placement de 125 cadres alg\u00e9riens au si\u00e8ge de l\u2019Acad\u00e9mie de P\u00e9kin et l\u2019encadrement de sessions en Alg\u00e9rie par 60 experts et cadres de l\u2019Acad\u00e9mie chinoise.<\/p>\n<p>Cette session qui se poursuivra jusqu&rsquo;au 25 octobre est l&rsquo;une des 11 sessions similaires tenues dans 11 wilayas du pays au profit de 350 participants, a ajout\u00e9 M. Merabti qui a relev\u00e9 que l\u2019actuelle session\u00a0profite \u00e0 70 cadres centraux et locaux.<\/p>\n<p>Le plan de formation retenu pour 2019 avec l\u2019Acad\u00e9mie chinoise de management porte sur les th\u00e8mes de management des recherches, les services de conseil, l\u2019administration strat\u00e9gique de la formation, afin d\u2019am\u00e9liorer l\u2019efficacit\u00e9 des processus d\u2019\u00e9laboration et d\u2019\u00e9valuation des politiques publiques nationale et locale, a-t-il ajout\u00e9.<\/p>\n<p>De son c\u00f4t\u00e9, le Directeur g\u00e9n\u00e9ral du d\u00e9partement loi et politiques \u00e0 l\u2019Acad\u00e9mie nationale chinoise de gouvernance a soulign\u00e9 que le but de cette session de formation \u00ab\u00a0est de contribuer \u00e0 appuyer les \u00e9tablissements de formation \u00e0 passer du mod\u00e8le de formation traditionnel \u00e0 un autre plus \u00e9volu\u00e9 pour en faire des \u00e9tablissements de mati\u00e8res grises g\u00e9n\u00e9rateurs d\u2019id\u00e9es capables de\u00a0 booster l\u2019administration publique \u00e0 concevoir et ex\u00e9cuter des politiques reposant sur des postulats scientifiques et des id\u00e9es innovantes.\u00a0\u00bb<\/p>\n<p>Le programme de la session comporte huit communications sur notamment \u00ab\u00a0les id\u00e9es de Xi Jinping sur le socialisme \u00e0 la chinoise de la nouvelle \u00e8re\u00a0\u00bb, \u00ab\u00a0le processus de r\u00e9forme et d\u2019ouverture en Chine : exp\u00e9riences\u00a0\u00bb, \u00ab\u00a0d\u00e9mocratisation de la prise de d\u00e9cision\u00a0\u00bb et \u00ab\u00a0les id\u00e9es strat\u00e9giques et la force du leadership\u00a0\u00bb.<\/p>\n<p>L\u2019Acad\u00e9mie nationale chinoise de gouvernance est une institution ind\u00e9pendante relevant directement du gouvernement central de la R\u00e9publique populaire de Chine charg\u00e9e de la formation des cadres et hauts cadres, des hauts fonctionnaires et des chercheurs travaillant sur les politiques publiques.<\/p>\n<\/div>\n<p>Auteur:<br \/>\n<a href=\"http:\/\/www.aps.dz\/regions\/96030-a-la-recherche-des-modalites-pour-harmoniser-et-reduire-les-inegalites-entre-les-territoires\">Cliquez ici pour lire l&rsquo;article depuis sa source.<\/a><\/p>\n","protected":false},"excerpt":{"rendered":"<p>SETIF- La strat\u00e9gie adopt\u00e9e actuellement dans le pays repose sur la recherche des modalit\u00e9s permettant de r\u00e9duire les in\u00e9galit\u00e9s entre les territoires et instaurer une harmonie et \u00e9quilibre entre eux, a affirm\u00e9 lundi le Directeur g\u00e9n\u00e9ral des ressources humaines, de la formation et des statuts au minist\u00e8re de l\u2019Int\u00e9rieur, des Collectivit\u00e9s locales et l\u2019Am\u00e9nagement du [&hellip;]<\/p>\n","protected":false},"author":1790,"featured_media":0,"comment_status":"closed","ping_status":"closed","sticky":false,"template":"","format":"standard","meta":{"fifu_image_url":"","fifu_image_alt":"","footnotes":""},"categories":[53,76],"tags":[],"class_list":["post-65047","post","type-post","status-publish","format-standard","hentry","category-algerie","category-regions"],"_links":{"self":[{"href":"https:\/\/linitiative.ca\/International\/wp-json\/wp\/v2\/posts\/65047","targetHints":{"allow":["GET"]}}],"collection":[{"href":"https:\/\/linitiative.ca\/International\/wp-json\/wp\/v2\/posts"}],"about":[{"href":"https:\/\/linitiative.ca\/International\/wp-json\/wp\/v2\/types\/post"}],"author":[{"embeddable":true,"href":"https:\/\/linitiative.ca\/International\/wp-json\/wp\/v2\/users\/1790"}],"replies":[{"embeddable":true,"href":"https:\/\/linitiative.ca\/International\/wp-json\/wp\/v2\/comments?post=65047"}],"version-history":[{"count":0,"href":"https:\/\/linitiative.ca\/International\/wp-json\/wp\/v2\/posts\/65047\/revisions"}],"wp:attachment":[{"href":"https:\/\/linitiative.ca\/International\/wp-json\/wp\/v2\/media?parent=65047"}],"wp:term":[{"taxonomy":"category","embeddable":true,"href":"https:\/\/linitiative.ca\/International\/wp-json\/wp\/v2\/categories?post=65047"},{"taxonomy":"post_tag","embeddable":true,"href":"https:\/\/linitiative.ca\/International\/wp-json\/wp\/v2\/tags?post=65047"}],"curies":[{"name":"wp","href":"https:\/\/api.w.org\/{rel}","templated":true}]}}