{"id":65051,"date":"2019-10-21T08:28:24","date_gmt":"2019-10-21T12:28:24","guid":{"rendered":"https:\/\/linitiative.ca\/International\/hommage-aux-etudiants-vainqueurs-de-la-competition-simcup\/"},"modified":"2019-10-21T08:28:24","modified_gmt":"2019-10-21T12:28:24","slug":"hommage-aux-etudiants-vainqueurs-de-la-competition-simcup","status":"publish","type":"post","link":"https:\/\/linitiative.ca\/International\/hommage-aux-etudiants-vainqueurs-de-la-competition-simcup\/","title":{"rendered":"Hommage aux \u00e9tudiants vainqueurs de la comp\u00e9tition SIMCUP"},"content":{"rendered":"<p class=\"c1\">Le minist\u00e8re de la Sant\u00e9 a rendu hommage, lundi \u00e0 Rabat, \u00e0 l\u2019\u00e9quipe d\u2019\u00e9tudiants marocains en m\u00e9decine qui a remport\u00e9 la comp\u00e9tition internationale de simulation m\u00e9dicale SIMCUP, le 14 octobre \u00e0 Prague.<\/p>\n<p class=\"c1\">Intervenant \u00e0 cette occasion, le ministre de la Sant\u00e9, Khalid Ait Taleb s\u2019est dit fier du sacre international de ces \u00e9tudiants issus de la Facult\u00e9 de m\u00e9decine et de pharmacie d\u2019Oujda qui ont dignement repr\u00e9sent\u00e9 le Maroc et d\u00e9montr\u00e9 leurs comp\u00e9tences.<\/p>\n<p class=\"c1\">Il s\u2019agit \u00e9galement d\u2019une cons\u00e9cration internationale des efforts consentis par les acteurs nationaux du secteur de la sant\u00e9, notamment en mati\u00e8re de formation, a soulign\u00e9 le ministre, f\u00e9licitant tous ceux qui ont contribu\u00e9 \u00e0 cette cons\u00e9cration, \u00e0 savoir les \u00e9tudiants, les encadrants, les enseignants et les responsables du secteur.<\/p>\n<p class=\"c1\">Cet exploit r\u00e9alis\u00e9 par une \u00e9quipe marocaine compos\u00e9e uniquement d\u2019\u00e9tudiants, contre d\u2019autres \u00e9quipes comptant dans leurs rangs des anesth\u00e9sistes-r\u00e9animateurs, refl\u00e8te les comp\u00e9tences dignes de confiance et d\u2019estime dont regorge le Maroc, s\u2019est-il r\u00e9joui, plaidant pour davantage d\u2019efforts pour promouvoir la cr\u00e9ativit\u00e9.<\/p>\n<p class=\"c1\">L\u2019\u00e9quipe marocaine a remport\u00e9 le premier prix de cette comp\u00e9tition, initi\u00e9e par la Soci\u00e9t\u00e9 europ\u00e9enne de m\u00e9decine d\u2019urgence, en s\u2019imposant contre la France en finale.<\/p>\n<p class=\"c1\">Elle avait auparavant surclass\u00e9 en demi-finale l\u2019\u00e9quipe du Royaume-Uni, apr\u00e8s avoir occup\u00e9 la premi\u00e8re place au premier tour de la comp\u00e9tition qui se d\u00e9roule en anglais et \u00e0 laquelle ont \u00e9galement particip\u00e9 les \u00e9quipes d\u2019Irlande, de la R\u00e9publique tch\u00e8que et du Br\u00e9sil.<\/p>\n<p class=\"c1\">L\u2019\u00e9quipe de la facult\u00e9 de m\u00e9decine et de pharmacie d\u2019Oujda a d\u00e9j\u00e0 remport\u00e9 la 3-\u00e8me \u00e9dition de la SIMCUP nationale organis\u00e9e \u00e0 F\u00e8s en juillet 2018.<\/p>\n<p class=\"c1\">Au cours de cet exercice m\u00e9dical, les \u00e9tudiants sont mis face \u00e0 une situation d\u2019urgence r\u00e9elle mais simul\u00e9e, avec pour objectif \u00e9ducatif de parvenir \u00e0 une ma\u00eetrise sans mettre en danger le patient.<\/p>\n<p>Auteur: Soufiane ELAHMAR<br \/>\n<a href=\"http:\/\/www.mapoujda.ma\/fr\/hommage-aux-etudiants-vainqueurs-de-la-competition-simcup\/\">Cliquez ici pour lire l&rsquo;article depuis sa source.<\/a><\/p>\n","protected":false},"excerpt":{"rendered":"<p>Le minist\u00e8re de la Sant\u00e9 a rendu hommage, lundi \u00e0 Rabat, \u00e0 l\u2019\u00e9quipe d\u2019\u00e9tudiants marocains en m\u00e9decine qui a remport\u00e9 la comp\u00e9tition internationale de simulation m\u00e9dicale SIMCUP, le 14 octobre \u00e0 Prague. Intervenant \u00e0 cette occasion, le ministre de la Sant\u00e9, Khalid Ait Taleb s\u2019est dit fier du sacre international de ces \u00e9tudiants issus de [&hellip;]<\/p>\n","protected":false},"author":1788,"featured_media":0,"comment_status":"closed","ping_status":"closed","sticky":false,"template":"","format":"standard","meta":{"fifu_image_url":"","fifu_image_alt":"","footnotes":""},"categories":[54,76],"tags":[],"class_list":["post-65051","post","type-post","status-publish","format-standard","hentry","category-maroc","category-regions"],"_links":{"self":[{"href":"https:\/\/linitiative.ca\/International\/wp-json\/wp\/v2\/posts\/65051","targetHints":{"allow":["GET"]}}],"collection":[{"href":"https:\/\/linitiative.ca\/International\/wp-json\/wp\/v2\/posts"}],"about":[{"href":"https:\/\/linitiative.ca\/International\/wp-json\/wp\/v2\/types\/post"}],"author":[{"embeddable":true,"href":"https:\/\/linitiative.ca\/International\/wp-json\/wp\/v2\/users\/1788"}],"replies":[{"embeddable":true,"href":"https:\/\/linitiative.ca\/International\/wp-json\/wp\/v2\/comments?post=65051"}],"version-history":[{"count":0,"href":"https:\/\/linitiative.ca\/International\/wp-json\/wp\/v2\/posts\/65051\/revisions"}],"wp:attachment":[{"href":"https:\/\/linitiative.ca\/International\/wp-json\/wp\/v2\/media?parent=65051"}],"wp:term":[{"taxonomy":"category","embeddable":true,"href":"https:\/\/linitiative.ca\/International\/wp-json\/wp\/v2\/categories?post=65051"},{"taxonomy":"post_tag","embeddable":true,"href":"https:\/\/linitiative.ca\/International\/wp-json\/wp\/v2\/tags?post=65051"}],"curies":[{"name":"wp","href":"https:\/\/api.w.org\/{rel}","templated":true}]}}