{"id":65054,"date":"2019-10-21T15:14:17","date_gmt":"2019-10-21T19:14:17","guid":{"rendered":"https:\/\/linitiative.ca\/International\/international-real-madrid-contre-galatasaray-zidane-joue-gros\/"},"modified":"2019-10-21T15:14:17","modified_gmt":"2019-10-21T19:14:17","slug":"international-real-madrid-contre-galatasaray-zidane-joue-gros","status":"publish","type":"post","link":"https:\/\/linitiative.ca\/International\/international-real-madrid-contre-galatasaray-zidane-joue-gros\/","title":{"rendered":"International : Real Madrid: contre Galatasaray, Zidane joue gros&#8230;"},"content":{"rendered":"<div readability=\"32\">\n<p>Auteur : <span class=\"time\">lundi 21 octobre 2019 13:46<\/span><\/p>\n<\/div>\n<div id=\"post_core\" readability=\"42\">\n<p>Jadis intouchable au Real Madrid, l&rsquo;entra\u00eeneur Zin\u00e9dine Zidane a entam\u00e9 une partie de son cr\u00e9dit en ce d\u00e9but de saison d\u00e9cevant pour la Casa Blanca malgr\u00e9 une 2e place en Liga. Suite \u00e0 la d\u00e9faite samedi face au promu Majorque (0-1), le journal El Mundo affirme m\u00eame que le technicien fran\u00e7ais jouera sa t\u00eate mardi sur le terrain de Galatasaray en Ligue des Champions o\u00f9 une nouvelle d\u00e9faite lui serait fatale. Le m\u00e9dia ajoute qu&rsquo;en raison du report du Clasico au mois de d\u00e9cembre, le Real ne jouera pas d&rsquo;une semaine et la p\u00e9riode serait donc propice \u00e0 un changement d&rsquo;entra\u00eeneur. Dans le m\u00eame temps, Massimiliano Allegri et surtout Jos\u00e9 Mourinho, qui attend son heure, sont cit\u00e9s comme de possibles successeurs du Fran\u00e7ais. Simples rumeurs ou menace av\u00e9r\u00e9e ? Quoi qu&rsquo;il en soit, la pression sera forte sur les \u00e9paules de ZZ dans l&rsquo;enfer d&rsquo;Istanbul en raison du d\u00e9part calamiteux du Real en C1 rapporte Maxifoot.fr.<\/p>\n<p><strong>Publi\u00e9 dans :<\/strong> <span>Zidane<\/span><\/p>\n<\/div>\n<p>Auteur:<br \/>\n<a href=\"http:\/\/www.lebuteur.com\/article\/detail?titre=real-madrid-contre-galatasaray-zidane-joue-gros&#038;id=92456&#038;utm_source=feedburner&#038;utm_medium=feed&#038;utm_campaign=Feed%3A+GalerieFArtciles+%28Les+derniers+articles++-+lebuteur.com%29\">Cliquez ici pour lire l&rsquo;article depuis sa source.<\/a><\/p>\n","protected":false},"excerpt":{"rendered":"<p>Auteur : lundi 21 octobre 2019 13:46 Jadis intouchable au Real Madrid, l&rsquo;entra\u00eeneur Zin\u00e9dine Zidane a entam\u00e9 une partie de son cr\u00e9dit en ce d\u00e9but de saison d\u00e9cevant pour la Casa Blanca malgr\u00e9 une 2e place en Liga. Suite \u00e0 la d\u00e9faite samedi face au promu Majorque (0-1), le journal El Mundo affirme m\u00eame que [&hellip;]<\/p>\n","protected":false},"author":1738,"featured_media":65055,"comment_status":"closed","ping_status":"closed","sticky":false,"template":"","format":"standard","meta":{"fifu_image_url":"","fifu_image_alt":"","footnotes":""},"categories":[53,75],"tags":[],"class_list":["post-65054","post","type-post","status-publish","format-standard","has-post-thumbnail","hentry","category-algerie","category-sport"],"_links":{"self":[{"href":"https:\/\/linitiative.ca\/International\/wp-json\/wp\/v2\/posts\/65054","targetHints":{"allow":["GET"]}}],"collection":[{"href":"https:\/\/linitiative.ca\/International\/wp-json\/wp\/v2\/posts"}],"about":[{"href":"https:\/\/linitiative.ca\/International\/wp-json\/wp\/v2\/types\/post"}],"author":[{"embeddable":true,"href":"https:\/\/linitiative.ca\/International\/wp-json\/wp\/v2\/users\/1738"}],"replies":[{"embeddable":true,"href":"https:\/\/linitiative.ca\/International\/wp-json\/wp\/v2\/comments?post=65054"}],"version-history":[{"count":0,"href":"https:\/\/linitiative.ca\/International\/wp-json\/wp\/v2\/posts\/65054\/revisions"}],"wp:featuredmedia":[{"embeddable":true,"href":"https:\/\/linitiative.ca\/International\/wp-json\/"}],"wp:attachment":[{"href":"https:\/\/linitiative.ca\/International\/wp-json\/wp\/v2\/media?parent=65054"}],"wp:term":[{"taxonomy":"category","embeddable":true,"href":"https:\/\/linitiative.ca\/International\/wp-json\/wp\/v2\/categories?post=65054"},{"taxonomy":"post_tag","embeddable":true,"href":"https:\/\/linitiative.ca\/International\/wp-json\/wp\/v2\/tags?post=65054"}],"curies":[{"name":"wp","href":"https:\/\/api.w.org\/{rel}","templated":true}]}}