{"id":65056,"date":"2019-10-21T15:14:19","date_gmt":"2019-10-21T19:14:19","guid":{"rendered":"https:\/\/linitiative.ca\/International\/international-le-fc-barcelone-devra-payer-une-clause-pour-ronald-koeman\/"},"modified":"2019-10-21T15:14:19","modified_gmt":"2019-10-21T19:14:19","slug":"international-le-fc-barcelone-devra-payer-une-clause-pour-ronald-koeman","status":"publish","type":"post","link":"https:\/\/linitiative.ca\/International\/international-le-fc-barcelone-devra-payer-une-clause-pour-ronald-koeman\/","title":{"rendered":"International : Le FC Barcelone devra payer une clause pour Ronald Koeman"},"content":{"rendered":"<div readability=\"32\">\n<p>Auteur : <span class=\"time\">lundi 21 octobre 2019 14:30<\/span><\/p>\n<\/div>\n<div id=\"post_core\" readability=\"39\">\n<p>Sous contrat avec la f\u00e9d\u00e9ration de football des Pays-Bas, le technicien batave de 56 ans r\u00e9alise du bon boulot avec son \u00e9quipe nationale. Aujourd\u2019hui, le directeur sportif de la KNBV nous r\u00e9v\u00e8le sur Fox Sport\u00a0que le Bar\u00e7a devra payer une clause pour s\u2019offrir l\u2019entra\u00eeneur hollandais apr\u00e8s l\u2019Euro 2020. Le montant de cette clause n\u2019a toutefois pas \u00e9t\u00e9 d\u00e9voil\u00e9. Source : Les-Transferts.<\/p>\n<p><strong>Publi\u00e9 dans :<\/strong> <span>bar\u00e7a<\/span> <span>Koeman<\/span><\/p>\n<\/div>\n<p>Auteur:<br \/>\n<a href=\"http:\/\/www.lebuteur.com\/article\/detail?titre=le-fc-barcelone-devra-payer-une-clause-pour-ronald-koeman&#038;id=92457&#038;utm_source=feedburner&#038;utm_medium=feed&#038;utm_campaign=Feed%3A+GalerieFArtciles+%28Les+derniers+articles++-+lebuteur.com%29\">Cliquez ici pour lire l&rsquo;article depuis sa source.<\/a><\/p>\n","protected":false},"excerpt":{"rendered":"<p>Auteur : lundi 21 octobre 2019 14:30 Sous contrat avec la f\u00e9d\u00e9ration de football des Pays-Bas, le technicien batave de 56 ans r\u00e9alise du bon boulot avec son \u00e9quipe nationale. Aujourd\u2019hui, le directeur sportif de la KNBV nous r\u00e9v\u00e8le sur Fox Sport\u00a0que le Bar\u00e7a devra payer une clause pour s\u2019offrir l\u2019entra\u00eeneur hollandais apr\u00e8s l\u2019Euro 2020. [&hellip;]<\/p>\n","protected":false},"author":1738,"featured_media":65057,"comment_status":"closed","ping_status":"closed","sticky":false,"template":"","format":"standard","meta":{"fifu_image_url":"","fifu_image_alt":"","footnotes":""},"categories":[53,75],"tags":[],"class_list":["post-65056","post","type-post","status-publish","format-standard","has-post-thumbnail","hentry","category-algerie","category-sport"],"_links":{"self":[{"href":"https:\/\/linitiative.ca\/International\/wp-json\/wp\/v2\/posts\/65056","targetHints":{"allow":["GET"]}}],"collection":[{"href":"https:\/\/linitiative.ca\/International\/wp-json\/wp\/v2\/posts"}],"about":[{"href":"https:\/\/linitiative.ca\/International\/wp-json\/wp\/v2\/types\/post"}],"author":[{"embeddable":true,"href":"https:\/\/linitiative.ca\/International\/wp-json\/wp\/v2\/users\/1738"}],"replies":[{"embeddable":true,"href":"https:\/\/linitiative.ca\/International\/wp-json\/wp\/v2\/comments?post=65056"}],"version-history":[{"count":0,"href":"https:\/\/linitiative.ca\/International\/wp-json\/wp\/v2\/posts\/65056\/revisions"}],"wp:featuredmedia":[{"embeddable":true,"href":"https:\/\/linitiative.ca\/International\/wp-json\/"}],"wp:attachment":[{"href":"https:\/\/linitiative.ca\/International\/wp-json\/wp\/v2\/media?parent=65056"}],"wp:term":[{"taxonomy":"category","embeddable":true,"href":"https:\/\/linitiative.ca\/International\/wp-json\/wp\/v2\/categories?post=65056"},{"taxonomy":"post_tag","embeddable":true,"href":"https:\/\/linitiative.ca\/International\/wp-json\/wp\/v2\/tags?post=65056"}],"curies":[{"name":"wp","href":"https:\/\/api.w.org\/{rel}","templated":true}]}}