{"id":65058,"date":"2019-10-21T15:14:21","date_gmt":"2019-10-21T19:14:21","guid":{"rendered":"https:\/\/linitiative.ca\/International\/international-psg-thiago-silva-va-prolonger\/"},"modified":"2019-10-21T15:14:21","modified_gmt":"2019-10-21T19:14:21","slug":"international-psg-thiago-silva-va-prolonger","status":"publish","type":"post","link":"https:\/\/linitiative.ca\/International\/international-psg-thiago-silva-va-prolonger\/","title":{"rendered":"International : PSG : Thiago Silva va prolonger"},"content":{"rendered":"<div readability=\"32\">\n<p>Auteur : <span class=\"time\">lundi 21 octobre 2019 15:30<\/span><\/p>\n<\/div>\n<div id=\"post_core\" readability=\"44\">\n<p>En effet, les dirigeants de l\u2019actuel leader de la Ligue 1 seraient conquis par les prestations de leur joueur et auraient entam\u00e9 des n\u00e9gociations, selon la journaliste br\u00e9silienne Isabela Pagliari \u00e0 Europe 1.<\/p>\n<p>\u00ab\u00a0Thiago Silva veut rester au PSG. Il aime la ville et sa famille est trop adapt\u00e9e \u00e0 Paris.\u00a0Il y a des discussions entre lui et les dirigeants du PSG mais, pour l\u2019instant, il n\u2019y a pas d\u2019accord.\u00bb Source : Les-Transferts.<\/p>\n<p><strong>Publi\u00e9 dans :<\/strong> <span>PSG<\/span> <span>Thiago Silva<\/span><\/p>\n<\/div>\n<p>Auteur:<br \/>\n<a href=\"http:\/\/www.lebuteur.com\/article\/detail?titre=psg-thiago-silva-va-prolonger&#038;id=92458&#038;utm_source=feedburner&#038;utm_medium=feed&#038;utm_campaign=Feed%3A+GalerieFArtciles+%28Les+derniers+articles++-+lebuteur.com%29\">Cliquez ici pour lire l&rsquo;article depuis sa source.<\/a><\/p>\n","protected":false},"excerpt":{"rendered":"<p>Auteur : lundi 21 octobre 2019 15:30 En effet, les dirigeants de l\u2019actuel leader de la Ligue 1 seraient conquis par les prestations de leur joueur et auraient entam\u00e9 des n\u00e9gociations, selon la journaliste br\u00e9silienne Isabela Pagliari \u00e0 Europe 1. \u00ab\u00a0Thiago Silva veut rester au PSG. Il aime la ville et sa famille est trop [&hellip;]<\/p>\n","protected":false},"author":1738,"featured_media":65059,"comment_status":"closed","ping_status":"closed","sticky":false,"template":"","format":"standard","meta":{"fifu_image_url":"","fifu_image_alt":"","footnotes":""},"categories":[53,75],"tags":[],"class_list":["post-65058","post","type-post","status-publish","format-standard","has-post-thumbnail","hentry","category-algerie","category-sport"],"_links":{"self":[{"href":"https:\/\/linitiative.ca\/International\/wp-json\/wp\/v2\/posts\/65058","targetHints":{"allow":["GET"]}}],"collection":[{"href":"https:\/\/linitiative.ca\/International\/wp-json\/wp\/v2\/posts"}],"about":[{"href":"https:\/\/linitiative.ca\/International\/wp-json\/wp\/v2\/types\/post"}],"author":[{"embeddable":true,"href":"https:\/\/linitiative.ca\/International\/wp-json\/wp\/v2\/users\/1738"}],"replies":[{"embeddable":true,"href":"https:\/\/linitiative.ca\/International\/wp-json\/wp\/v2\/comments?post=65058"}],"version-history":[{"count":0,"href":"https:\/\/linitiative.ca\/International\/wp-json\/wp\/v2\/posts\/65058\/revisions"}],"wp:featuredmedia":[{"embeddable":true,"href":"https:\/\/linitiative.ca\/International\/wp-json\/"}],"wp:attachment":[{"href":"https:\/\/linitiative.ca\/International\/wp-json\/wp\/v2\/media?parent=65058"}],"wp:term":[{"taxonomy":"category","embeddable":true,"href":"https:\/\/linitiative.ca\/International\/wp-json\/wp\/v2\/categories?post=65058"},{"taxonomy":"post_tag","embeddable":true,"href":"https:\/\/linitiative.ca\/International\/wp-json\/wp\/v2\/tags?post=65058"}],"curies":[{"name":"wp","href":"https:\/\/api.w.org\/{rel}","templated":true}]}}