{"id":65060,"date":"2019-10-21T15:14:25","date_gmt":"2019-10-21T19:14:25","guid":{"rendered":"https:\/\/linitiative.ca\/International\/international-les-30-nomines-pour-le-ballon-dor-en-cours\/"},"modified":"2019-10-21T15:14:25","modified_gmt":"2019-10-21T19:14:25","slug":"international-les-30-nomines-pour-le-ballon-dor-en-cours","status":"publish","type":"post","link":"https:\/\/linitiative.ca\/International\/international-les-30-nomines-pour-le-ballon-dor-en-cours\/","title":{"rendered":"International : Les 30 nomin\u00e9s pour le Ballon d&rsquo;Or (en cours)"},"content":{"rendered":"<div readability=\"32\">\n<p>Auteur : <span class=\"time\">lundi 21 octobre 2019 19:58<\/span><\/p>\n<\/div>\n<div id=\"post_core\" readability=\"80\">\n<p>Dans les 20 premiers nomm\u00e9s, on retrouve \u00e9videmment de nombreux vainqueurs de la Ligue des Champions avec Liverpool comme Virgil van Dijk et Roberto Firmino.<\/p>\n<p><strong>Les premiers nomm\u00e9s pour le Ballon d&rsquo;Or 2019 (20 sur 30) :<\/strong><\/p>\n<p>&#8211; Sadio Man\u00e9 (Liverpool\/S\u00e9n\u00e9gal)<\/p>\n<p>&#8211; Sergio Ag\u00fcero (Manchester City\/Argentine)<\/p>\n<p>&#8211; Frenkie de Jong (FC Barcelone, ex-Ajax Amsterdam\/Pays-Bas)<\/p>\n<p>&#8211; Hugo Lloris (Tottenham\/France)<\/p>\n<p>&#8211; Dusan Tadic (Ajax Amsterdam\/Serbie)<\/p>\n<p>&#8211; Kylian Mbapp\u00e9 (PSG\/France)<\/p>\n<p>&#8211; Trent Alexander-Arnold (Liverpool\/Angleterre)<\/p>\n<p>&#8211; Donny van de Beek (Ajax Amsterdam\/Pays-Bas)<\/p>\n<p>&#8211; Pierre-Emerick Aubameyang (Arsenal\/Gabon)<\/p>\n<p>&#8211; Marc-Andr\u00e9 ter Stegen (FC Barcelone\/Pays-Bas)<\/p>\n<p>&#8211; Cristiano Ronaldo (Juventus Turin\/Portugal)<\/p>\n<p>&#8211; Alisson Becker (Liverpool\/Br\u00e9sil)<\/p>\n<p>&#8211; Matthijs de Ligt (Juventus Turin, ex-Ajax Amsterdam\/Pays-Bas)<\/p>\n<p>&#8211; Karim Benzema (Real Madrid\/France)<\/p>\n<p>&#8211; Georgino Wijnaldum (Liverpool\/Pays-Bas)<\/p>\n<p>&#8211; Virgil van Dijk (Liverpool\/Pays-Bas)<\/p>\n<p>&#8211; Bernardo Silva (Manchester City\/Portugal)<\/p>\n<p>&#8211; Son Heung-min (Tottenham\/Cor\u00e9e du Sud)<\/p>\n<p>&#8211; Robert Lewandowski (Bayern Munich\/Pologne)<\/p>\n<p>&#8211; Roberto Firmino (Liverpool\/Br\u00e9sil)<\/p>\n<p><strong>Publi\u00e9 dans :<\/strong> <span>Ballon d&rsquo;Or<\/span><\/p>\n<\/div>\n<p>Auteur:<br \/>\n<a href=\"http:\/\/www.lebuteur.com\/article\/detail?titre=les-30-nomines-pour-le-ballon-dor-en-cours&#038;id=92459&#038;utm_source=feedburner&#038;utm_medium=feed&#038;utm_campaign=Feed%3A+GalerieFArtciles+%28Les+derniers+articles++-+lebuteur.com%29\">Cliquez ici pour lire l&rsquo;article depuis sa source.<\/a><\/p>\n","protected":false},"excerpt":{"rendered":"<p>Auteur : lundi 21 octobre 2019 19:58 Dans les 20 premiers nomm\u00e9s, on retrouve \u00e9videmment de nombreux vainqueurs de la Ligue des Champions avec Liverpool comme Virgil van Dijk et Roberto Firmino. Les premiers nomm\u00e9s pour le Ballon d&rsquo;Or 2019 (20 sur 30) : &#8211; Sadio Man\u00e9 (Liverpool\/S\u00e9n\u00e9gal) &#8211; Sergio Ag\u00fcero (Manchester City\/Argentine) &#8211; Frenkie [&hellip;]<\/p>\n","protected":false},"author":1738,"featured_media":65061,"comment_status":"closed","ping_status":"closed","sticky":false,"template":"","format":"standard","meta":{"fifu_image_url":"","fifu_image_alt":"","footnotes":""},"categories":[53,75],"tags":[],"class_list":["post-65060","post","type-post","status-publish","format-standard","has-post-thumbnail","hentry","category-algerie","category-sport"],"_links":{"self":[{"href":"https:\/\/linitiative.ca\/International\/wp-json\/wp\/v2\/posts\/65060","targetHints":{"allow":["GET"]}}],"collection":[{"href":"https:\/\/linitiative.ca\/International\/wp-json\/wp\/v2\/posts"}],"about":[{"href":"https:\/\/linitiative.ca\/International\/wp-json\/wp\/v2\/types\/post"}],"author":[{"embeddable":true,"href":"https:\/\/linitiative.ca\/International\/wp-json\/wp\/v2\/users\/1738"}],"replies":[{"embeddable":true,"href":"https:\/\/linitiative.ca\/International\/wp-json\/wp\/v2\/comments?post=65060"}],"version-history":[{"count":0,"href":"https:\/\/linitiative.ca\/International\/wp-json\/wp\/v2\/posts\/65060\/revisions"}],"wp:featuredmedia":[{"embeddable":true,"href":"https:\/\/linitiative.ca\/International\/wp-json\/"}],"wp:attachment":[{"href":"https:\/\/linitiative.ca\/International\/wp-json\/wp\/v2\/media?parent=65060"}],"wp:term":[{"taxonomy":"category","embeddable":true,"href":"https:\/\/linitiative.ca\/International\/wp-json\/wp\/v2\/categories?post=65060"},{"taxonomy":"post_tag","embeddable":true,"href":"https:\/\/linitiative.ca\/International\/wp-json\/wp\/v2\/tags?post=65060"}],"curies":[{"name":"wp","href":"https:\/\/api.w.org\/{rel}","templated":true}]}}