{"id":65062,"date":"2019-10-20T20:00:00","date_gmt":"2019-10-21T00:00:00","guid":{"rendered":"https:\/\/linitiative.ca\/International\/algerie-allemagne-cooperation-technique\/"},"modified":"2019-10-20T20:00:00","modified_gmt":"2019-10-21T00:00:00","slug":"algerie-allemagne-cooperation-technique","status":"publish","type":"post","link":"https:\/\/linitiative.ca\/International\/algerie-allemagne-cooperation-technique\/","title":{"rendered":"Alg\u00e9rie &#8211; Allemagne : Coop\u00e9ration technique"},"content":{"rendered":"<p>Un arrangement de coop\u00e9ration technique alg\u00e9ro-allemande a \u00e9t\u00e9 sign\u00e9 hier \u00e0 Alger, a indiqu\u00e9 le minist\u00e8re des Affaires \u00e9trang\u00e8res dans un communiqu\u00e9. L\u2019accord a \u00e9t\u00e9 sign\u00e9 au si\u00e8ge du minist\u00e8re des Affaires \u00e9trang\u00e8res par le directeur g\u00e9n\u00e9ral Europe, Mohammed Han\u00e8che, et l\u2019ambassadeur d\u2019Allemagne \u00e0 Alger, Ulrike Knotz. Au cours de la c\u00e9r\u00e9monie de signature, le chef de la d\u00e9l\u00e9gation alg\u00e9rienne a d\u00e9clar\u00e9 que \u00abcet arrangement technique ouvre des perspectives nouvelles dans le domaine de la coop\u00e9ration technique entre l\u2019Alg\u00e9rie et l\u2019Allemagne notamment dans des secteurs prioritaires o\u00f9 l\u2019apport technique et le savoir-faire allemand sont souhait\u00e9s\u00bb, a pr\u00e9cis\u00e9 le communiqu\u00e9. Cet arrangement permettra de \u00ablancer et d\u2019appuyer de nombreux projets communs avec la participation de l\u2019Agence de coop\u00e9ration allemande (GIZ) pr\u00e9sente en Alg\u00e9rie depuis les ann\u00e9es 1970 et ayant contribu\u00e9 au d\u00e9veloppement industriel de l\u2019Alg\u00e9rie\u00bb, a ajout\u00e9 la m\u00eame source. Les deux parties sont convenues de \u00abporter une attention toute particuli\u00e8re aux secteurs de l\u2019environnement et de l\u2019industrie ainsi que l\u2019accompagnement des jeunes dipl\u00f4m\u00e9s dans le monde professionnel\u00bb.<\/p>\n<p>Auteur: elmoudjahid<br \/>\n<a href=\"http:\/\/www.elmoudjahid.com\/fr\/actualites\/143421\">Cliquez ici pour lire l&rsquo;article depuis sa source.<\/a><\/p>\n","protected":false},"excerpt":{"rendered":"<p>Un arrangement de coop\u00e9ration technique alg\u00e9ro-allemande a \u00e9t\u00e9 sign\u00e9 hier \u00e0 Alger, a indiqu\u00e9 le minist\u00e8re des Affaires \u00e9trang\u00e8res dans un communiqu\u00e9. L\u2019accord a \u00e9t\u00e9 sign\u00e9 au si\u00e8ge du minist\u00e8re des Affaires \u00e9trang\u00e8res par le directeur g\u00e9n\u00e9ral Europe, Mohammed Han\u00e8che, et l\u2019ambassadeur d\u2019Allemagne \u00e0 Alger, Ulrike Knotz. Au cours de la c\u00e9r\u00e9monie de signature, le [&hellip;]<\/p>\n","protected":false},"author":1744,"featured_media":0,"comment_status":"closed","ping_status":"closed","sticky":false,"template":"","format":"standard","meta":{"fifu_image_url":"","fifu_image_alt":"","footnotes":""},"categories":[73,53],"tags":[],"class_list":["post-65062","post","type-post","status-publish","format-standard","hentry","category-actualite","category-algerie"],"_links":{"self":[{"href":"https:\/\/linitiative.ca\/International\/wp-json\/wp\/v2\/posts\/65062","targetHints":{"allow":["GET"]}}],"collection":[{"href":"https:\/\/linitiative.ca\/International\/wp-json\/wp\/v2\/posts"}],"about":[{"href":"https:\/\/linitiative.ca\/International\/wp-json\/wp\/v2\/types\/post"}],"author":[{"embeddable":true,"href":"https:\/\/linitiative.ca\/International\/wp-json\/wp\/v2\/users\/1744"}],"replies":[{"embeddable":true,"href":"https:\/\/linitiative.ca\/International\/wp-json\/wp\/v2\/comments?post=65062"}],"version-history":[{"count":0,"href":"https:\/\/linitiative.ca\/International\/wp-json\/wp\/v2\/posts\/65062\/revisions"}],"wp:attachment":[{"href":"https:\/\/linitiative.ca\/International\/wp-json\/wp\/v2\/media?parent=65062"}],"wp:term":[{"taxonomy":"category","embeddable":true,"href":"https:\/\/linitiative.ca\/International\/wp-json\/wp\/v2\/categories?post=65062"},{"taxonomy":"post_tag","embeddable":true,"href":"https:\/\/linitiative.ca\/International\/wp-json\/wp\/v2\/tags?post=65062"}],"curies":[{"name":"wp","href":"https:\/\/api.w.org\/{rel}","templated":true}]}}