{"id":65063,"date":"2019-10-20T20:00:00","date_gmt":"2019-10-21T00:00:00","guid":{"rendered":"https:\/\/linitiative.ca\/International\/agences-de-voyages-promotion-de-la-destination-algerie\/"},"modified":"2019-10-20T20:00:00","modified_gmt":"2019-10-21T00:00:00","slug":"agences-de-voyages-promotion-de-la-destination-algerie","status":"publish","type":"post","link":"https:\/\/linitiative.ca\/International\/agences-de-voyages-promotion-de-la-destination-algerie\/","title":{"rendered":"Agences de voyages : Promotion de la destination Alg\u00e9rie"},"content":{"rendered":"<p>Le ministre du Tourisme et de l\u2019Artisanat, Abdelkader Benmessaoud, a mis l\u2019accent hier \u00e0 A\u00efn Defla sur le r\u00f4le d\u00e9volu aux agences de voyages dans la promotion de la destination Alg\u00e9rie, relevant l\u2019importance de la mise en exergue des potentialit\u00e9s touristiques dont regorge le pays. \u00abLes agences de voyages ont assur\u00e9ment un grand r\u00f4le \u00e0 jouer en mati\u00e8re de la promotion de la destination Alg\u00e9rie et de la mise en exergue des potentialit\u00e9s dont elle regorge\u00bb, a affirm\u00e9 M. Benmessaoud qui visitait, \u00e0 la maison de l\u2019Artisanat d\u2019A\u00efn Defla, le stand d\u2019exposition d\u00e9di\u00e9 aux agences de voyages dans le cadre de sa visite de travail et d\u2019inspection dans la wilaya. A la faveur du travail effectu\u00e9 par les agences de voyages, l\u2019attractivit\u00e9 du tourisme national et sa comp\u00e9titivit\u00e9 ne pourra que se consolider, a observ\u00e9 le ministre, soutenant que cette action va, par ricochet, \u00abbooster le d\u00e9veloppement durable\u00bb. Il a invit\u00e9 les responsables des agences de voyages d\u2019A\u00efn Defla \u00e0 se faire conna\u00eetre \u00e0 travers le portail mis en place par son d\u00e9partement minist\u00e9riel. Dans la r\u00e9gion d\u2019El Abed, situ\u00e9e \u00e0 1.000 m d\u2019altitude dans la p\u00e9riph\u00e9rie d\u2019A\u00efn Defla, le ministre a suivi un expos\u00e9 relatif \u00e0 la cr\u00e9ation d\u2019une for\u00eat r\u00e9cr\u00e9ative, mettant en exergue les bienfaits de ce projet. \u00abLes r\u00e9percussions environnementales, \u00e9conomiques et sociales du projet sont ind\u00e9niables, et c\u2019est pour cette raison qu\u2019il faut le mat\u00e9rialiser\u00bb, a insist\u00e9 M. Benmessaoud. Selon lui l\u2019engouement des citoyens pour une for\u00eat r\u00e9cr\u00e9ative donn\u00e9e, \u00abest r\u00e9v\u00e9lateur du recouvrement de la stabilit\u00e9\u00bb, appelant \u00e0 doter ces aires de toutes les commodit\u00e9s dont a besoin le citoyen.<\/p>\n<p>Auteur: elmoudjahid<br \/>\n<a href=\"http:\/\/www.elmoudjahid.com\/fr\/actualites\/143422\">Cliquez ici pour lire l&rsquo;article depuis sa source.<\/a><\/p>\n","protected":false},"excerpt":{"rendered":"<p>Le ministre du Tourisme et de l\u2019Artisanat, Abdelkader Benmessaoud, a mis l\u2019accent hier \u00e0 A\u00efn Defla sur le r\u00f4le d\u00e9volu aux agences de voyages dans la promotion de la destination Alg\u00e9rie, relevant l\u2019importance de la mise en exergue des potentialit\u00e9s touristiques dont regorge le pays. \u00abLes agences de voyages ont assur\u00e9ment un grand r\u00f4le \u00e0 [&hellip;]<\/p>\n","protected":false},"author":1744,"featured_media":0,"comment_status":"closed","ping_status":"closed","sticky":false,"template":"","format":"standard","meta":{"fifu_image_url":"","fifu_image_alt":"","footnotes":""},"categories":[73,53],"tags":[],"class_list":["post-65063","post","type-post","status-publish","format-standard","hentry","category-actualite","category-algerie"],"_links":{"self":[{"href":"https:\/\/linitiative.ca\/International\/wp-json\/wp\/v2\/posts\/65063","targetHints":{"allow":["GET"]}}],"collection":[{"href":"https:\/\/linitiative.ca\/International\/wp-json\/wp\/v2\/posts"}],"about":[{"href":"https:\/\/linitiative.ca\/International\/wp-json\/wp\/v2\/types\/post"}],"author":[{"embeddable":true,"href":"https:\/\/linitiative.ca\/International\/wp-json\/wp\/v2\/users\/1744"}],"replies":[{"embeddable":true,"href":"https:\/\/linitiative.ca\/International\/wp-json\/wp\/v2\/comments?post=65063"}],"version-history":[{"count":0,"href":"https:\/\/linitiative.ca\/International\/wp-json\/wp\/v2\/posts\/65063\/revisions"}],"wp:attachment":[{"href":"https:\/\/linitiative.ca\/International\/wp-json\/wp\/v2\/media?parent=65063"}],"wp:term":[{"taxonomy":"category","embeddable":true,"href":"https:\/\/linitiative.ca\/International\/wp-json\/wp\/v2\/categories?post=65063"},{"taxonomy":"post_tag","embeddable":true,"href":"https:\/\/linitiative.ca\/International\/wp-json\/wp\/v2\/tags?post=65063"}],"curies":[{"name":"wp","href":"https:\/\/api.w.org\/{rel}","templated":true}]}}