{"id":65064,"date":"2019-10-20T20:00:00","date_gmt":"2019-10-21T00:00:00","guid":{"rendered":"https:\/\/linitiative.ca\/International\/transport-ferroviaire-nouvelle-liaison-oran-mecheria\/"},"modified":"2019-10-20T20:00:00","modified_gmt":"2019-10-21T00:00:00","slug":"transport-ferroviaire-nouvelle-liaison-oran-mecheria","status":"publish","type":"post","link":"https:\/\/linitiative.ca\/International\/transport-ferroviaire-nouvelle-liaison-oran-mecheria\/","title":{"rendered":"Transport ferroviaire : Nouvelle liaison Oran &#8211; Mecheria"},"content":{"rendered":"<p>Une nouvelle liaison par train Coradia est mise en service entre Oran et Mechria, depuis hier, a indiqu\u00e9 la Soci\u00e9t\u00e9 nationale des transports ferroviaires (SNTF), dans un communiqu\u00e9. Cette nouvelle relation implique des modifications horaires sur les trains Coradia et couchettes assurant la relation Oran-Bechar et Oran-Sa\u00efda, souligne la m\u00eame source. Ainsi, le d\u00e9part de train Coradia de Mechria vers Oran est pr\u00e9vu \u00e0 5h:30 pour une arriv\u00e9e pr\u00e9vue \u00e0 9h:00. Dans le sens inverse, le d\u00e9part est pr\u00e9vu \u00e0 15h:30 d\u2019Oran pour une arriv\u00e9e \u00e0 18h:55 \u00e0 Mechria. Quant \u00e0 la ligne Bechar-Oran, le d\u00e9part de la desserte par train Coradia est pr\u00e9vu \u00e0 6h:15 pour une arriv\u00e9e \u00e0 Oran \u00e0 13h:10. Dans le sens retour, le d\u00e9part est pr\u00e9vu \u00e0 partir de la gare d\u2019Oran \u00e0 10h:20 pour une arriv\u00e9e \u00e0 17h:10. Concernant cette m\u00eame relation par train couchette, le d\u00e9part \u00e0 Oran est pr\u00e9vu \u00e0 20h:30 et l\u2019arriv\u00e9e est pr\u00e9vue \u00e0 5h00. Concernant le sens Bechar-Oran de cette ligne, le d\u00e9part est pr\u00e9vu \u00e0 20h pour une arriv\u00e9e \u00e0 5h en gare d\u2019Oran. Par ailleurs, le d\u00e9part du train autorail de la ligne Saida-Oran est pr\u00e9vu \u00e0 7h00 pour une arriv\u00e9e \u00e0 9:45 en gare d\u2019Oran. Le train autorail Oran-Saida a un d\u00e9part pr\u00e9vu \u00e0 14h:30 pour une arriv\u00e9e \u00e0 17h:06 en gare de Saida.<\/p>\n<p>Auteur: elmoudjahid<br \/>\n<a href=\"http:\/\/www.elmoudjahid.com\/fr\/actualites\/143423\">Cliquez ici pour lire l&rsquo;article depuis sa source.<\/a><\/p>\n","protected":false},"excerpt":{"rendered":"<p>Une nouvelle liaison par train Coradia est mise en service entre Oran et Mechria, depuis hier, a indiqu\u00e9 la Soci\u00e9t\u00e9 nationale des transports ferroviaires (SNTF), dans un communiqu\u00e9. Cette nouvelle relation implique des modifications horaires sur les trains Coradia et couchettes assurant la relation Oran-Bechar et Oran-Sa\u00efda, souligne la m\u00eame source. Ainsi, le d\u00e9part de [&hellip;]<\/p>\n","protected":false},"author":1744,"featured_media":0,"comment_status":"closed","ping_status":"closed","sticky":false,"template":"","format":"standard","meta":{"fifu_image_url":"","fifu_image_alt":"","footnotes":""},"categories":[73,53],"tags":[],"class_list":["post-65064","post","type-post","status-publish","format-standard","hentry","category-actualite","category-algerie"],"_links":{"self":[{"href":"https:\/\/linitiative.ca\/International\/wp-json\/wp\/v2\/posts\/65064","targetHints":{"allow":["GET"]}}],"collection":[{"href":"https:\/\/linitiative.ca\/International\/wp-json\/wp\/v2\/posts"}],"about":[{"href":"https:\/\/linitiative.ca\/International\/wp-json\/wp\/v2\/types\/post"}],"author":[{"embeddable":true,"href":"https:\/\/linitiative.ca\/International\/wp-json\/wp\/v2\/users\/1744"}],"replies":[{"embeddable":true,"href":"https:\/\/linitiative.ca\/International\/wp-json\/wp\/v2\/comments?post=65064"}],"version-history":[{"count":0,"href":"https:\/\/linitiative.ca\/International\/wp-json\/wp\/v2\/posts\/65064\/revisions"}],"wp:attachment":[{"href":"https:\/\/linitiative.ca\/International\/wp-json\/wp\/v2\/media?parent=65064"}],"wp:term":[{"taxonomy":"category","embeddable":true,"href":"https:\/\/linitiative.ca\/International\/wp-json\/wp\/v2\/categories?post=65064"},{"taxonomy":"post_tag","embeddable":true,"href":"https:\/\/linitiative.ca\/International\/wp-json\/wp\/v2\/tags?post=65064"}],"curies":[{"name":"wp","href":"https:\/\/api.w.org\/{rel}","templated":true}]}}