{"id":65065,"date":"2019-10-20T20:00:00","date_gmt":"2019-10-21T00:00:00","guid":{"rendered":"https:\/\/linitiative.ca\/International\/protection-civile-formation-sur-la-gestion-des-ressources-humaines\/"},"modified":"2019-10-20T20:00:00","modified_gmt":"2019-10-21T00:00:00","slug":"protection-civile-formation-sur-la-gestion-des-ressources-humaines","status":"publish","type":"post","link":"https:\/\/linitiative.ca\/International\/protection-civile-formation-sur-la-gestion-des-ressources-humaines\/","title":{"rendered":"Protection civile :  Formation sur la gestion des ressources humaines"},"content":{"rendered":"<p>Une session de formation sur la gestion des\u00a0\u00a0 ressources humaines a \u00e9t\u00e9 ouverte, hier, au si\u00e8ge de la direction de la\u00a0\u00a0 protection civile de la wilaya de Blida, a-t-on appris du charg\u00e9 de la\u00a0\u00a0 communication aupr\u00e8s de ce corps constitu\u00e9.\u00a0 L\u2019op\u00e9ration, initi\u00e9e par la Direction g\u00e9n\u00e9rale de la protection civile, au\u00a0\u00a0 titre de la convention alg\u00e9ro- euro-m\u00e9diterran\u00e9enne pour l\u2019\u00e9change\u00a0\u00a0 d\u2019expertises, a vu la participation de 13 officiers issus de 12 wilayas,\u00a0\u00a0 outre des officiers de surveillance et de permanence, a indiqu\u00e9 \u00e0 l\u2019APS le\u00a0\u00a0 lieutenant Adel Zerrouk Zeraimi.\u00a0 Cette session de formation d\u2019une semaine, dont le coup d\u2019envoi a \u00e9t\u00e9 donn\u00e9\u00a0\u00a0 par le directeur de la Protection civile de Blida, colonel Bachi Merzak et un expert-formateur fran\u00e7ais, avec un encadrement assur\u00e9 par deux officiers\u00a0\u00a0 fran\u00e7ais, sera ax\u00e9e sur de nombreux th\u00e8mes, li\u00e9s notamment \u00e0 la gestion des\u00a0\u00a0 ressources humaines dans les cas d\u2019interventions quotidiennes, et en cas de\u00a0\u00a0 catastrophes, outre des exercices d\u2019application pr\u00e9vus au niveau des unit\u00e9s\u00a0\u00a0 d\u2019intervention.\u00a0<br \/>Selon le lieutenant Adel Zerrouk Zeraimi, ce stage a pour objectif\u00a0\u00a0 principal de \u00ab\u00a0former des accompagnateurs de proximit\u00e9 pour la gestion de la\u00a0\u00a0 ressource humaine et l\u2019am\u00e9lioration des aptitudes individuelles et de\u00a0\u00a0 groupe des \u00e9quipes d\u2019intervention, au double plan administration et\u00a0\u00a0 entra\u00eenement\u00a0\u00bb.\u00a0 Il s\u2019agira, \u00e9galement, a-t-il ajout\u00e9, de l'\u00a0\u00bborganisation d\u2019exercices\u00a0\u00a0 d\u2019application et d\u2019entra\u00eenement quotidiens, avec l\u2019exploitation des\u00a0\u00a0 exp\u00e9riences pr\u00e9c\u00e9demment acquises, dans les programmes p\u00e9dagogiques\u00a0\u00a0 d\u2019entra\u00eenement et de formation\u00a0\u00bb, a fait savoir le m\u00eame responsable.\u00a0<br \/>A noter l\u2019organisation, pr\u00e9c\u00e9demment, de sessions de formation similaires\u00a0\u00a0 par la direction de la protection civile de Blida. La derni\u00e8re en date a\u00a0\u00a0 \u00e9t\u00e9 organis\u00e9e en avril dernier, sur la lutte contre les incendies de\u00a0\u00a0 for\u00eat.<br \/>\u00a0<\/p>\n<p>Auteur: elmoudjahid<br \/>\n<a href=\"http:\/\/www.elmoudjahid.com\/fr\/actualites\/143424\">Cliquez ici pour lire l&rsquo;article depuis sa source.<\/a><\/p>\n","protected":false},"excerpt":{"rendered":"<p>Une session de formation sur la gestion des\u00a0\u00a0 ressources humaines a \u00e9t\u00e9 ouverte, hier, au si\u00e8ge de la direction de la\u00a0\u00a0 protection civile de la wilaya de Blida, a-t-on appris du charg\u00e9 de la\u00a0\u00a0 communication aupr\u00e8s de ce corps constitu\u00e9.\u00a0 L\u2019op\u00e9ration, initi\u00e9e par la Direction g\u00e9n\u00e9rale de la protection civile, au\u00a0\u00a0 titre de la convention [&hellip;]<\/p>\n","protected":false},"author":1744,"featured_media":0,"comment_status":"closed","ping_status":"closed","sticky":false,"template":"","format":"standard","meta":{"fifu_image_url":"","fifu_image_alt":"","footnotes":""},"categories":[73,53],"tags":[],"class_list":["post-65065","post","type-post","status-publish","format-standard","hentry","category-actualite","category-algerie"],"_links":{"self":[{"href":"https:\/\/linitiative.ca\/International\/wp-json\/wp\/v2\/posts\/65065","targetHints":{"allow":["GET"]}}],"collection":[{"href":"https:\/\/linitiative.ca\/International\/wp-json\/wp\/v2\/posts"}],"about":[{"href":"https:\/\/linitiative.ca\/International\/wp-json\/wp\/v2\/types\/post"}],"author":[{"embeddable":true,"href":"https:\/\/linitiative.ca\/International\/wp-json\/wp\/v2\/users\/1744"}],"replies":[{"embeddable":true,"href":"https:\/\/linitiative.ca\/International\/wp-json\/wp\/v2\/comments?post=65065"}],"version-history":[{"count":0,"href":"https:\/\/linitiative.ca\/International\/wp-json\/wp\/v2\/posts\/65065\/revisions"}],"wp:attachment":[{"href":"https:\/\/linitiative.ca\/International\/wp-json\/wp\/v2\/media?parent=65065"}],"wp:term":[{"taxonomy":"category","embeddable":true,"href":"https:\/\/linitiative.ca\/International\/wp-json\/wp\/v2\/categories?post=65065"},{"taxonomy":"post_tag","embeddable":true,"href":"https:\/\/linitiative.ca\/International\/wp-json\/wp\/v2\/tags?post=65065"}],"curies":[{"name":"wp","href":"https:\/\/api.w.org\/{rel}","templated":true}]}}