{"id":65066,"date":"2019-10-20T20:00:00","date_gmt":"2019-10-21T00:00:00","guid":{"rendered":"https:\/\/linitiative.ca\/International\/le-chef-de-letat-procede-a-un-mouvement-dans-le-corps-des-presidents-et-commissaires-detat-pres-les-tribunaux-administratifs\/"},"modified":"2019-10-20T20:00:00","modified_gmt":"2019-10-21T00:00:00","slug":"le-chef-de-letat-procede-a-un-mouvement-dans-le-corps-des-presidents-et-commissaires-detat-pres-les-tribunaux-administratifs","status":"publish","type":"post","link":"https:\/\/linitiative.ca\/International\/le-chef-de-letat-procede-a-un-mouvement-dans-le-corps-des-presidents-et-commissaires-detat-pres-les-tribunaux-administratifs\/","title":{"rendered":"Le Chef de l&rsquo;Etat proc\u00e8de \u00e0 un mouvement dans le corps des pr\u00e9sidents et commissaires d&rsquo;Etat pr\u00e8s les tribunaux administratifs"},"content":{"rendered":"<p>Le Chef de l&rsquo;Etat, Abdelkader Bensalah a proc\u00e9d\u00e9 \u00e0 un mouvement dans le corps des pr\u00e9sidents et commissaires d&rsquo;Etat pr\u00e8s les tribunaux administratifs, a indiqu\u00e9, dimanche, un communiqu\u00e9 de la pr\u00e9sidence de la R\u00e9publique, dont voici le texte int\u00e9gral:\u00a0<\/p>\n<p>\u00a0\u00ab\u00a0Conform\u00e9ment aux dispositions de l&rsquo;article 92 de la Constitution et de l&rsquo;article 49 de la loi organique n\u00a0 04-11 du 21 Rajab 1425, correspondant au 6 septembre 2004 portant Statut de la Magistrature, le Chef de l&rsquo;Etat a\u00a0\u00a0 proc\u00e9d\u00e9 \u00e0 un mouvement dans le corps des pr\u00e9sidents et commissaires d&rsquo;Etat pr\u00e8s les tribunaux administratifs, portant les nominations de Mesdames et Messieurs:\u00a0<\/p>\n<p><strong>voici le texte int\u00e9gral:<\/strong><\/p>\n<p>\u00ab\u00a0Conform\u00e9ment aux dispositions de l&rsquo;article 92 de la Constitution et de\u00a0l&rsquo;article 49 de la loi organique n 04-11 du 21 Rajab 1425, correspondant\u00a0au 6 septembre 2004 portant Statut de la Magistrature, le Chef de l&rsquo;Etat a\u00a0proc\u00e9d\u00e9 \u00e0 un mouvement dans le corps des pr\u00e9sidents et commissaires d&rsquo;Etat\u00a0pr\u00e8s les tribunaux administratifs, portant les nominations de Mesdames et Messieurs:<\/p>\n<p><strong>1- Au titre des pr\u00e9sidents des tribunaux administratifs:<\/strong><\/p>\n<p>-Ghayoum Tahar, conseiller au tribunal administratif de Tamanrasset, en\u00a0qualit\u00e9 de pr\u00e9sident du tribunal administratif d&rsquo;Adrar,<\/p>\n<p>&#8211; Kemmouche Khemissi, pr\u00e9sident de chambre au tribunal administratif de\u00a0Skikda, en qualit\u00e9 de pr\u00e9sident du tribunal administratif de Batna,<\/p>\n<p>&#8211; Boukeither Hamidou, conseiller au tribunal administratif de Bouira, en\u00a0qualit\u00e9 de pr\u00e9sident du tribunal administratif de B\u00e9jaia,<\/p>\n<p>&#8211; Meslioui Hadjira, pr\u00e9sidente de chambre au tribunal administratif\u00a0d&rsquo;Annaba, en qualit\u00e9 de pr\u00e9sidente du tribunal administratif de Blida.<\/p>\n<p>&#8211; Chahati Abdelhamid, pr\u00e9sident de chambre \u00e0 la Cour de Gharda\u00efa, en\u00a0qualit\u00e9 de pr\u00e9sident du tribunal administratif de T\u00e9bessa,<\/p>\n<p>&#8211; Laouche Fatma-Zahra, pr\u00e9sidente du tribunal administratif de Boumerdes,\u00a0en qualit\u00e9 de pr\u00e9sidente du tribunal administratif de Tizi Ouzou,<\/p>\n<p>&#8211; Tobal Mohamed, pr\u00e9sident de chambre \u00e0 la Cour de Tissemsilt, en qualit\u00e9\u00a0de pr\u00e9sident du tribunal administratif de Djelfa,<\/p>\n<p>&#8211; Bouaroudj Abdelhakim, pr\u00e9sident de chambre au tribunal administratif de\u00a0Constantine, en qualit\u00e9 de pr\u00e9sident du tribunal administratif de Skikda,<\/p>\n<p>&#8211; Bougriaa Daoud, pr\u00e9sident de chambre au tribunal administratif de\u00a0Skikda, en qualit\u00e9 de pr\u00e9sident du tribunal administratif d&rsquo;Annaba,<\/p>\n<p>&#8211; Djoudi Souad, pr\u00e9sidente de chambre et vice-pr\u00e9sidente de la Cour d&rsquo;El\u00a0Taref, en qualit\u00e9 de pr\u00e9sidente du tribunal administratif de Guelma,<\/p>\n<p>&#8211; Tamim Abdelhamid, pr\u00e9sident de chambre au tribunal administratif d&rsquo;Oum\u00a0El Bouaghi, en qualit\u00e9 de pr\u00e9sident du tribunal administratif de\u00a0Constantine,<\/p>\n<p>&#8211; Kherrar Zoubida, pr\u00e9sidente de chambre au tribunal administratif de\u00a0Tipaza, en qualit\u00e9 de pr\u00e9sident du tribunal administratif de M\u00e9d\u00e9a,<\/p>\n<p>&#8211; Saad Chemloul Mohamed, pr\u00e9sident du tribunal administratif de M\u00e9d\u00e9a, en\u00a0qualit\u00e9 de pr\u00e9sident du tribunal administratif de Mostaganem,<\/p>\n<p>-Mordjane Madjid, pr\u00e9sident de chambre au tribunal administratif de Bordj\u00a0Bou Arr\u00e9ridj, en qualit\u00e9 de pr\u00e9sident du tribunal administratif de M&rsquo;sila.<\/p>\n<p>&#8211; Mahsar Abdennacer, pr\u00e9sident du tribunal administratif de Ghardaia, en\u00a0qualit\u00e9 de pr\u00e9sident du tribunal administratif de Ouargla.<\/p>\n<p>&#8211; Medresse Benziane, pr\u00e9sident du tribunal administratif de R\u00e9lizane, en\u00a0qualit\u00e9 de pr\u00e9sident du tribunal administratif d&rsquo;El Bayedh,<\/p>\n<p>&#8211; Aouak Saliha, pr\u00e9sidente du tribunal administratif de Tizi-Ouzou, en\u00a0qualit\u00e9 de pr\u00e9sidente du tribunal administratif de Boumerdes.<\/p>\n<p>&#8211; Hamdane Aissa, pr\u00e9sident du tribunal administratif de B\u00e9jaia, en qualit\u00e9\u00a0de pr\u00e9sident du tribunal administratif d&rsquo;El Tarf,<\/p>\n<p>&#8211; Attir Nezzar, conseiller au tribunal administratif de Biskra, en qualit\u00e9\u00a0de pr\u00e9sident du tribunal administratif de Tindouf,<\/p>\n<p>&#8211; Henaoui Mohamed Rachid, pr\u00e9sident de chambre au tribunal administratif\u00a0de Ain Defla, en qualit\u00e9 de pr\u00e9sident du tribunal administratif d&rsquo;El Oued,<\/p>\n<p>&#8211; Bouguera Said, pr\u00e9sident de chambre \u00e0 la Cour de T\u00e9bessa, en qualit\u00e9 de\u00a0pr\u00e9sident du tribunal administratif de Souk Ahras,<\/p>\n<p>&#8211; Laib Farida, pr\u00e9sidente du tribunal administratif de Guelma, en qualit\u00e9\u00a0de pr\u00e9sidente du tribunal administratif de Mila,<\/p>\n<p>&#8211; Nekadi Baki, vice-pr\u00e9sident du tribunal administratif de Na\u00e2ma, en\u00a0qualit\u00e9 de pr\u00e9sident du tribunal administratif de Na\u00e2ma,<\/p>\n<p>-Ghani Bouabdellah, pr\u00e9sident du tribunal administratif d&rsquo;Adrar, en\u00a0qualit\u00e9 de pr\u00e9sident du tribunal administratif de Ghardaia,<\/p>\n<p>&#8211; Messameh Assia, conseill\u00e8re au tribunal administratif d&rsquo;Ain T\u00e9mouchent,\u00a0en qualit\u00e9 de pr\u00e9sidente du tribunal administratif de Relizane. (SUIVRA)<\/p>\n<p><strong>2- Au titre des commissaires d&rsquo;Etat pr\u00e8s des tribunaux administratifs:<\/strong><\/p>\n<p>&#8211; Merzouk Sadek, conseiller au tribunal administratif de Ghardaia, en\u00a0qualit\u00e9 de commissaire d&rsquo;Etat pr\u00e8s du tribunal administratif d&rsquo;Adrar,<\/p>\n<p>&#8211; Tandjaoui Ahmed, conseiller au tribunal administratif d&rsquo;Ain Defla, en\u00a0qualit\u00e9 de commissaire d&rsquo;Etat pr\u00e8s du tribunal administratif de Chlef,<\/p>\n<p>&#8211; Baghou Abdelfateh, pr\u00e9sident de chambre \u00e0 la Cour de Constantine, en\u00a0qualit\u00e9 de commissaire d&rsquo;Etat pr\u00e8s du tribunal administratif de Batna,<\/p>\n<p>&#8211; Anteri Mahieddine, premier procureur g\u00e9n\u00e9ral adjoint pr\u00e8s de la Cour de\u00a0Jijel, en qualit\u00e9 de commissaire d&rsquo;Etat pr\u00e8s du tribunal administratif de\u00a0Bejaia,<\/p>\n<p>-Saoud Salah, pr\u00e9sident de chambre au tribunal administratif de B\u00e9jaia, en\u00a0qualit\u00e9 de commissaire d&rsquo;Etat pr\u00e8s du tribunal administratif de Biskra,<\/p>\n<p>&#8211; Khelkhal Mohamed, conseiller au tribunal administratif de Mascara, en\u00a0qualit\u00e9 de commissaire d&rsquo;Etat pr\u00e8s du tribunal administratif de B\u00e9char,<\/p>\n<p>&#8211; Farek Mohamed, commissaire d&rsquo;Etat pr\u00e8s du tribunal administratif de\u00a0Boumerdes, en qualit\u00e9 de commissaire d&rsquo;Etat pr\u00e8s du tribunal administratif\u00a0de Blida,<\/p>\n<p>&#8211; Bachiri Mohamed Ch\u00e9rif, procureur g\u00e9n\u00e9ral adjoint pr\u00e8s la Cour de\u00a0Guelma, en qualit\u00e9 de commissaire d&rsquo;Etat pr\u00e8s le tribunal administratif de\u00a0T\u00e9bessa,<\/p>\n<p>-Benaouda Nasreddine, procureur g\u00e9n\u00e9ral adjoint pr\u00e8s la Cour de R\u00e9lizane,\u00a0en qualit\u00e9 de commissaire d&rsquo;Etat pr\u00e8s le tribunal administratif de Tlemcen,<\/p>\n<p>-Younsi Amor, commissaire d&rsquo;Etat pr\u00e8s le tribunal administratif de Blida,\u00a0en qualit\u00e9 de commissaire d&rsquo;Etat pr\u00e8s le tribunal administratif de Tiaret,<\/p>\n<p>-Habib Ahcene, pr\u00e9sident de chambre pr\u00e8s le tribunal de Boumerdes, en<\/p>\n<p>qualit\u00e9 de commissaire d&rsquo;Etat pr\u00e8s le tribunal administratif de Tizi Ouzou,\u00a0&#8211; Hadki Zakaria, commissaire d&rsquo;Etat pr\u00e8s le tribunal administratif de<\/p>\n<p>Tizi-Ouzou, en qualit\u00e9 de commissaire d&rsquo;Etat pr\u00e8s le tribunal administratif\u00a0d&rsquo;Alger,<\/p>\n<p>-Bouchachi Rabah, procureur g\u00e9n\u00e9ral adjoint pr\u00e8s la Cour de Tizi-Ouzou, en\u00a0qualit\u00e9 de commissaire d&rsquo;Etat pr\u00e8s le tribunal administratif de Jijel,<\/p>\n<p>&#8211; Zahra Mustapha, Commissaire d&rsquo;Etat pr\u00e8s le tribunal administratif de\u00a0Bejaia, en qualit\u00e9 de Commissaire d&rsquo;Etat pr\u00e8s le tribunal administratif de\u00a0Setif,<\/p>\n<p>-Helifa Abdelhamid, premier procureur g\u00e9n\u00e9ral adjoint pr\u00e8s la Cour de\u00a0Constantine, en qualit\u00e9 de Commissaire d&rsquo;Etat pr\u00e8s le tribunaladministratif de Skikda,<\/p>\n<p>-Aliouche Farouk, Commissaire d&rsquo;Etat pr\u00e8s le tribunal administratif de\u00a0Tlemcen, en qualit\u00e9 de Commissaire d&rsquo;Etat pr\u00e8s le tribunal administratif deSidi Belab\u00e8s,<\/p>\n<p>&#8211; Ouled Meriem Amel Eddine, procureur g\u00e9n\u00e9ral adjoint pr\u00e8s la Cour d&rsquo;El\u00a0Taraf, en qualit\u00e9 de Commissaire d&rsquo;Etat pr\u00e8s le tribunal administratif de\u00a0Guelma,<\/p>\n<p>&#8211; Guettal Ahlem Aziza, conseill\u00e8re pr\u00e8s le tribunal administratif de Bordj\u00a0Bou Arreridj, en qualit\u00e9 de Commissaire d&rsquo;Etat pr\u00e8s le tribunal\u00a0administratif de Constantine,<\/p>\n<p>&#8211; Maaloum Chabane, Commissaire d&rsquo;Etat pr\u00e8s le tribunal administratif de Biskra, en qualit\u00e9 de Commissaire d&rsquo;Etat pr\u00e8s le tribunal administratif de M&rsquo;sila,<\/p>\n<p>&#8211; Aissaoui Nacereddine, procureur g\u00e9n\u00e9ral adjoint pr\u00e8s la Cour de Sidi Belabb\u00e8s, en qualit\u00e9 de Commissaire d&rsquo;Etat pr\u00e8s le tribunal administratif de Mascara<\/p>\n<p>&#8211; Amamra Ahmed, procureur g\u00e9n\u00e9ral adjoint pr\u00e8s la Cour de Relizane, en\u00a0qualit\u00e9 de Commissaire d&rsquo;Etat pr\u00e8s le tribunal administratif d&rsquo;Oran,<\/p>\n<p>&#8211; Lakhdari Abdelkader, Commissaire d&rsquo;Etat pr\u00e8s le tribunal administratif de Mascara, en qualit\u00e9 de Commissaire d&rsquo;Etat pr\u00e8s le tribunal administratif d&rsquo;El Bayadh<\/p>\n<p>&#8211; Kaidi Said, conseiller pr\u00e8s le tribunal administratif de Chlef, en qualit\u00e9 de Commissaire d&rsquo;Etat pr\u00e8s le tribunal administratif de Boumerdes,<\/p>\n<p>&#8211; Kouaidia Abdallah, Pr\u00e9sident de chambre au tribunal administratif de Guelma, en qualit\u00e9 de Commissaire d&rsquo;Etat pr\u00e8s le tribunal administratif d&rsquo;El Taraf,<\/p>\n<p>-Boukaci Ibrahim, Commissaire d&rsquo;Etat pr\u00e8s le tribunal administratif d&rsquo;Adrar, en qualit\u00e9 de Commissaire d&rsquo;Etat pr\u00e8s le tribunal administratif de Tindouf,<\/p>\n<p>&#8211; Hamza Rabah, Commissaire d&rsquo;Etat pr\u00e8s le tribunal administratif de Chlef, en qualit\u00e9 de Commissaire d&rsquo;Etat pr\u00e8s le tribunal administratif de Tissemsilt,<\/p>\n<p>&#8211; Bahloul Lotfi, conseiller au tribunal administratif de Guelma, en qualit\u00e9 de Commissaire d&rsquo;Etat pr\u00e8s le tribunal administratif de Souk Ahras,<\/p>\n<p>&#8211; Khemmar El Fadhel, pr\u00e9sident de chambre au tribunal administratif de Constantine, en qualit\u00e9 de Commissaire d&rsquo;Etat pr\u00e8s le tribunal administratif de Mila,<\/p>\n<p>&#8211; Kahouadji Kamila, conseill\u00e8re au tribunal administratif de Sidi Belabb\u00e8s, en qualit\u00e9 de Commissaire d&rsquo;Etat pr\u00e8s le tribunal administratif de Ain Timouchent\u00a0\u00bb. (APS<\/p>\n<p>Auteur: elmoudjahid<br \/>\n<a href=\"http:\/\/www.elmoudjahid.com\/fr\/actualites\/143425\">Cliquez ici pour lire l&rsquo;article depuis sa source.<\/a><\/p>\n","protected":false},"excerpt":{"rendered":"<p>Le Chef de l&rsquo;Etat, Abdelkader Bensalah a proc\u00e9d\u00e9 \u00e0 un mouvement dans le corps des pr\u00e9sidents et commissaires d&rsquo;Etat pr\u00e8s les tribunaux administratifs, a indiqu\u00e9, dimanche, un communiqu\u00e9 de la pr\u00e9sidence de la R\u00e9publique, dont voici le texte int\u00e9gral:\u00a0 \u00a0\u00ab\u00a0Conform\u00e9ment aux dispositions de l&rsquo;article 92 de la Constitution et de l&rsquo;article 49 de la loi [&hellip;]<\/p>\n","protected":false},"author":1744,"featured_media":0,"comment_status":"closed","ping_status":"closed","sticky":false,"template":"","format":"standard","meta":{"fifu_image_url":"","fifu_image_alt":"","footnotes":""},"categories":[73,53],"tags":[],"class_list":["post-65066","post","type-post","status-publish","format-standard","hentry","category-actualite","category-algerie"],"_links":{"self":[{"href":"https:\/\/linitiative.ca\/International\/wp-json\/wp\/v2\/posts\/65066","targetHints":{"allow":["GET"]}}],"collection":[{"href":"https:\/\/linitiative.ca\/International\/wp-json\/wp\/v2\/posts"}],"about":[{"href":"https:\/\/linitiative.ca\/International\/wp-json\/wp\/v2\/types\/post"}],"author":[{"embeddable":true,"href":"https:\/\/linitiative.ca\/International\/wp-json\/wp\/v2\/users\/1744"}],"replies":[{"embeddable":true,"href":"https:\/\/linitiative.ca\/International\/wp-json\/wp\/v2\/comments?post=65066"}],"version-history":[{"count":0,"href":"https:\/\/linitiative.ca\/International\/wp-json\/wp\/v2\/posts\/65066\/revisions"}],"wp:attachment":[{"href":"https:\/\/linitiative.ca\/International\/wp-json\/wp\/v2\/media?parent=65066"}],"wp:term":[{"taxonomy":"category","embeddable":true,"href":"https:\/\/linitiative.ca\/International\/wp-json\/wp\/v2\/categories?post=65066"},{"taxonomy":"post_tag","embeddable":true,"href":"https:\/\/linitiative.ca\/International\/wp-json\/wp\/v2\/tags?post=65066"}],"curies":[{"name":"wp","href":"https:\/\/api.w.org\/{rel}","templated":true}]}}