{"id":65072,"date":"2019-10-21T13:40:00","date_gmt":"2019-10-21T17:40:00","guid":{"rendered":"https:\/\/linitiative.ca\/International\/cnas-le-systeme-de-gouvernance-critique\/"},"modified":"2019-10-21T13:40:00","modified_gmt":"2019-10-21T17:40:00","slug":"cnas-le-systeme-de-gouvernance-critique","status":"publish","type":"post","link":"https:\/\/linitiative.ca\/International\/cnas-le-systeme-de-gouvernance-critique\/","title":{"rendered":"CNAS : Le syst\u00e8me de  gouvernance critiqu\u00e9"},"content":{"rendered":"<p><br id=\"sep_para_1\" class=\"sep_para access\"\/><\/p>\n<div id=\"para_1\" class=\"para_33593909 resize\">\n<div class=\"texte access firstletter\">L\u2019ancien administrateur de la CNAS et expert en questions sociales, Nouredine Bouderba a estim\u00e9 que le syst\u00e8me de s\u00e9curit\u00e9 sociale n\u2019est plus au bord de la faillite. Lors de son passage sur les ondes de la radio nationale, M. Bouderba a consid\u00e9r\u00e9 que, la situation financi\u00e8re d\u00e9licate rencontr\u00e9e par les Caisses de s\u00e9curit\u00e9 sociale, est due essentiellement au syst\u00e8me de gouvernance. Pour l\u2019intervenant, il reste vrai que les caisses de s\u00e9curit\u00e9 sociale connaissent des d\u00e9ficits, il n\u2019en est pas moins vrai, qu\u2019il existe un potentiel \u00e9norme sur 20 ou 30 ans, permettant de p\u00e9renniser leur fonctionnement. L\u2019expert en questions sociales rappelle ainsi que la population Alg\u00e9rienne est dans son ensemble, tr\u00e8s jeune, permettant donc d\u2019assurer la p\u00e9rennit\u00e9 du syst\u00e8me de s\u00e9curit\u00e9 sociale 30 ann\u00e9es durant. A souligner que les alg\u00e9riens \u00e0 avoir d\u00e9pass\u00e9 les 60 ans d\u2019\u00e2ge ne repr\u00e9sentent que 9% de la population et que, de plus, les d\u00e9penses compl\u00e8tes de retraite ne d\u00e9passent pas les 6% du PIB. Ainsi, l\u2019h\u00f4te de la radio, estime qu\u2019il \u00ab n\u2019y a donc pas de n\u00e9cessit\u00e9 \u00e0 entreprendre des r\u00e9formes que l\u2019on veut nous imposer \u00bb. Il dira \u00e0 ce propos que la solution doit \u00ab consister \u00e0 avoir une vision et une politique rationnelle de r\u00e9colte des finances et de d\u00e9pense de l\u2019argent l\u00e0 o\u00f9 il faut \u00bb.\u00a0\u00a0\u00a0\u00a0\u00a0\u00a0\u00a0\u00a0\u00a0\u00a0\u00a0\u00a0<\/div>\n<\/div>\n<p>Auteur: Nadine<br \/>\n<a href=\"https:\/\/www.reflexiondz.net\/CNAS-Le-systeme-de-gouvernance-critique_a58359.html\">Cliquez ici pour lire l&rsquo;article depuis sa source.<\/a><\/p>\n","protected":false},"excerpt":{"rendered":"<p>L\u2019ancien administrateur de la CNAS et expert en questions sociales, Nouredine Bouderba a estim\u00e9 que le syst\u00e8me de s\u00e9curit\u00e9 sociale n\u2019est plus au bord de la faillite. Lors de son passage sur les ondes de la radio nationale, M. Bouderba a consid\u00e9r\u00e9 que, la situation financi\u00e8re d\u00e9licate rencontr\u00e9e par les Caisses de s\u00e9curit\u00e9 sociale, est [&hellip;]<\/p>\n","protected":false},"author":1740,"featured_media":0,"comment_status":"closed","ping_status":"closed","sticky":false,"template":"","format":"standard","meta":{"fifu_image_url":"","fifu_image_alt":"","footnotes":""},"categories":[53,76],"tags":[],"class_list":["post-65072","post","type-post","status-publish","format-standard","hentry","category-algerie","category-regions"],"_links":{"self":[{"href":"https:\/\/linitiative.ca\/International\/wp-json\/wp\/v2\/posts\/65072","targetHints":{"allow":["GET"]}}],"collection":[{"href":"https:\/\/linitiative.ca\/International\/wp-json\/wp\/v2\/posts"}],"about":[{"href":"https:\/\/linitiative.ca\/International\/wp-json\/wp\/v2\/types\/post"}],"author":[{"embeddable":true,"href":"https:\/\/linitiative.ca\/International\/wp-json\/wp\/v2\/users\/1740"}],"replies":[{"embeddable":true,"href":"https:\/\/linitiative.ca\/International\/wp-json\/wp\/v2\/comments?post=65072"}],"version-history":[{"count":0,"href":"https:\/\/linitiative.ca\/International\/wp-json\/wp\/v2\/posts\/65072\/revisions"}],"wp:attachment":[{"href":"https:\/\/linitiative.ca\/International\/wp-json\/wp\/v2\/media?parent=65072"}],"wp:term":[{"taxonomy":"category","embeddable":true,"href":"https:\/\/linitiative.ca\/International\/wp-json\/wp\/v2\/categories?post=65072"},{"taxonomy":"post_tag","embeddable":true,"href":"https:\/\/linitiative.ca\/International\/wp-json\/wp\/v2\/tags?post=65072"}],"curies":[{"name":"wp","href":"https:\/\/api.w.org\/{rel}","templated":true}]}}