{"id":65073,"date":"2019-10-21T13:40:00","date_gmt":"2019-10-21T17:40:00","guid":{"rendered":"https:\/\/linitiative.ca\/International\/bouira-attribution-de-650-logements\/"},"modified":"2019-10-21T13:40:00","modified_gmt":"2019-10-21T17:40:00","slug":"bouira-attribution-de-650-logements","status":"publish","type":"post","link":"https:\/\/linitiative.ca\/International\/bouira-attribution-de-650-logements\/","title":{"rendered":"BOUIRA : Attribution de 650 logements"},"content":{"rendered":"<p><br id=\"sep_para_1\" class=\"sep_para access\"\/><\/p>\n<div id=\"para_1\" class=\"para_33593903 resize\">\n<div class=\"texte access firstletter\">Au total, 650 logements, toutes formules confondues, seront attribu\u00e9s le 1er novembre prochain, dans le cadre des festivit\u00e9s c\u00e9l\u00e9brant le 65\u00e8me anniversaire du d\u00e9clenchement de la Guerre de lib\u00e9ration, a indiqu\u00e9 ce lundi \u00e0 l\u2019APS le charg\u00e9 de la communication de la wilaya, Latrache Ladjel. Selon les d\u00e9tails fournis par le m\u00eame responsable, plusieurs logements de type public locatif (LPL, social) seront distribu\u00e9s \u00e0 leurs b\u00e9n\u00e9ficiaires dans la commune enclav\u00e9e d\u2019El Mokrani (Ouest). \u00ab\u00a0Il y\u2019a \u00e9galement des logements promotionnels aid\u00e9s (LPA) qui seront attribu\u00e9s \u00e0 cette occasion\u00a0\u00bb, a ajout\u00e9 le m\u00eame responsable. Au cours de la c\u00e9r\u00e9monie, qui aura lieu au chef-lieu de la wilaya, le wali Mustapha Limani, pr\u00e9voit \u00e9galement de remettre des centaines de d\u00e9cisions d\u2019attribution d\u2019habitat rural. Au d\u00e9but du mois en cours, les autorit\u00e9s de la wilaya avaient pr\u00e9sid\u00e9 une c\u00e9r\u00e9monie de remise des cl\u00e9s au profit de 724 b\u00e9n\u00e9ficiaires des diff\u00e9rents programmes de logement, dont ceux de l\u2019Agence de l\u2019am\u00e9lioration et du d\u00e9veloppement de logement (AADL) et LPA. Les souscripteurs pour le programme AADL 2013 ont \u00e9galement \u00e9t\u00e9 rassur\u00e9s par le pr\u00e9sident de l\u2019Assembl\u00e9e populaire de la wilaya de Bouira, Ahmed Boutata, qui, a assur\u00e9 \u00e0 la presse auparavant que des travaux \u00e9taient en cours de parach\u00e8vement pour distribuer dans les prochains mois plusieurs unit\u00e9s au profit de ces souscripteurs.<\/div>\n<\/div>\n<p>Auteur: Ismain<br \/>\n<a href=\"https:\/\/www.reflexiondz.net\/BOUIRA-Attribution-de-650-logements_a58358.html\">Cliquez ici pour lire l&rsquo;article depuis sa source.<\/a><\/p>\n","protected":false},"excerpt":{"rendered":"<p>Au total, 650 logements, toutes formules confondues, seront attribu\u00e9s le 1er novembre prochain, dans le cadre des festivit\u00e9s c\u00e9l\u00e9brant le 65\u00e8me anniversaire du d\u00e9clenchement de la Guerre de lib\u00e9ration, a indiqu\u00e9 ce lundi \u00e0 l\u2019APS le charg\u00e9 de la communication de la wilaya, Latrache Ladjel. Selon les d\u00e9tails fournis par le m\u00eame responsable, plusieurs logements [&hellip;]<\/p>\n","protected":false},"author":1740,"featured_media":0,"comment_status":"closed","ping_status":"closed","sticky":false,"template":"","format":"standard","meta":{"fifu_image_url":"","fifu_image_alt":"","footnotes":""},"categories":[53,76],"tags":[],"class_list":["post-65073","post","type-post","status-publish","format-standard","hentry","category-algerie","category-regions"],"_links":{"self":[{"href":"https:\/\/linitiative.ca\/International\/wp-json\/wp\/v2\/posts\/65073","targetHints":{"allow":["GET"]}}],"collection":[{"href":"https:\/\/linitiative.ca\/International\/wp-json\/wp\/v2\/posts"}],"about":[{"href":"https:\/\/linitiative.ca\/International\/wp-json\/wp\/v2\/types\/post"}],"author":[{"embeddable":true,"href":"https:\/\/linitiative.ca\/International\/wp-json\/wp\/v2\/users\/1740"}],"replies":[{"embeddable":true,"href":"https:\/\/linitiative.ca\/International\/wp-json\/wp\/v2\/comments?post=65073"}],"version-history":[{"count":0,"href":"https:\/\/linitiative.ca\/International\/wp-json\/wp\/v2\/posts\/65073\/revisions"}],"wp:attachment":[{"href":"https:\/\/linitiative.ca\/International\/wp-json\/wp\/v2\/media?parent=65073"}],"wp:term":[{"taxonomy":"category","embeddable":true,"href":"https:\/\/linitiative.ca\/International\/wp-json\/wp\/v2\/categories?post=65073"},{"taxonomy":"post_tag","embeddable":true,"href":"https:\/\/linitiative.ca\/International\/wp-json\/wp\/v2\/tags?post=65073"}],"curies":[{"name":"wp","href":"https:\/\/api.w.org\/{rel}","templated":true}]}}