{"id":65074,"date":"2019-10-21T13:40:00","date_gmt":"2019-10-21T17:40:00","guid":{"rendered":"https:\/\/linitiative.ca\/International\/propos-de-saadani-sur-le-sahara-occidental-le-gouvernement-reagit\/"},"modified":"2019-10-21T13:40:00","modified_gmt":"2019-10-21T17:40:00","slug":"propos-de-saadani-sur-le-sahara-occidental-le-gouvernement-reagit","status":"publish","type":"post","link":"https:\/\/linitiative.ca\/International\/propos-de-saadani-sur-le-sahara-occidental-le-gouvernement-reagit\/","title":{"rendered":"PROPOS DE SAADANI SUR LE SAHARA OCCIDENTAL : Le gouvernement r\u00e9agit"},"content":{"rendered":"<p><br id=\"sep_para_1\" class=\"sep_para access\"\/><\/p>\n<div id=\"para_1\" class=\"para_33593901 resize\">\n<div class=\"texte access firstletter\">C\u2019est la premi\u00e8re r\u00e9ponse officielle du gouvernement alg\u00e9rien concernant les propos tenus par l\u2019ex-Secr\u00e9taire g\u00e9n\u00e9ral du FLN, Amar Sa\u00e2dani, sur la question du Sahara occidental. En effet,\u00a0 dans une interview accord\u00e9e \u00e0 TSA, Amar Sa\u00e2dani consid\u00e9rait que le Sahara occidental \u00e9tait marocain, affirmant que l\u2019Alg\u00e9rie a \u00ab vers\u00e9 pendant cinquante ans des sommes faramineuses \u00e0 ce qui est appel\u00e9 le Polisario \u00bb. Invit\u00e9 du Forum du quotidien \u00ab Echa\u00e2b \u00bb, le porte-parole du Gouvernement, Hassan Rabehi, estime que cette d\u00e9claration \u00ab n\u2019engage que son auteur \u00bb. \u00ab L\u2019Alg\u00e9rie a une position immuable concernant le Sahara occidental \u00bb, affirme le ministre. M. Rabehi r\u00e9affirme ainsi la position de l\u2019Alg\u00e9rie qui est favorable \u00e0 l\u2019organisation d\u2019un r\u00e9f\u00e9rendum d\u2019autod\u00e9termination.\u00a0\u00a0\u00a0\u00a0\u00a0\u00a0<\/div>\n<\/div>\n<p>Auteur: Ismain<br \/>\n<a href=\"https:\/\/www.reflexiondz.net\/PROPOS-DE-SAADANI-SUR-LE-SAHARA-OCCIDENTAL-Le-gouvernement-reagit_a58357.html\">Cliquez ici pour lire l&rsquo;article depuis sa source.<\/a><\/p>\n","protected":false},"excerpt":{"rendered":"<p>C\u2019est la premi\u00e8re r\u00e9ponse officielle du gouvernement alg\u00e9rien concernant les propos tenus par l\u2019ex-Secr\u00e9taire g\u00e9n\u00e9ral du FLN, Amar Sa\u00e2dani, sur la question du Sahara occidental. En effet,\u00a0 dans une interview accord\u00e9e \u00e0 TSA, Amar Sa\u00e2dani consid\u00e9rait que le Sahara occidental \u00e9tait marocain, affirmant que l\u2019Alg\u00e9rie a \u00ab vers\u00e9 pendant cinquante ans des sommes faramineuses \u00e0 [&hellip;]<\/p>\n","protected":false},"author":1740,"featured_media":0,"comment_status":"closed","ping_status":"closed","sticky":false,"template":"","format":"standard","meta":{"fifu_image_url":"","fifu_image_alt":"","footnotes":""},"categories":[53,76],"tags":[],"class_list":["post-65074","post","type-post","status-publish","format-standard","hentry","category-algerie","category-regions"],"_links":{"self":[{"href":"https:\/\/linitiative.ca\/International\/wp-json\/wp\/v2\/posts\/65074","targetHints":{"allow":["GET"]}}],"collection":[{"href":"https:\/\/linitiative.ca\/International\/wp-json\/wp\/v2\/posts"}],"about":[{"href":"https:\/\/linitiative.ca\/International\/wp-json\/wp\/v2\/types\/post"}],"author":[{"embeddable":true,"href":"https:\/\/linitiative.ca\/International\/wp-json\/wp\/v2\/users\/1740"}],"replies":[{"embeddable":true,"href":"https:\/\/linitiative.ca\/International\/wp-json\/wp\/v2\/comments?post=65074"}],"version-history":[{"count":0,"href":"https:\/\/linitiative.ca\/International\/wp-json\/wp\/v2\/posts\/65074\/revisions"}],"wp:attachment":[{"href":"https:\/\/linitiative.ca\/International\/wp-json\/wp\/v2\/media?parent=65074"}],"wp:term":[{"taxonomy":"category","embeddable":true,"href":"https:\/\/linitiative.ca\/International\/wp-json\/wp\/v2\/categories?post=65074"},{"taxonomy":"post_tag","embeddable":true,"href":"https:\/\/linitiative.ca\/International\/wp-json\/wp\/v2\/tags?post=65074"}],"curies":[{"name":"wp","href":"https:\/\/api.w.org\/{rel}","templated":true}]}}