{"id":65075,"date":"2019-10-21T13:42:00","date_gmt":"2019-10-21T17:42:00","guid":{"rendered":"https:\/\/linitiative.ca\/International\/tebboune-sest-exprime-sur-lincident-du-cimetiere-del-alia\/"},"modified":"2019-10-21T13:42:00","modified_gmt":"2019-10-21T17:42:00","slug":"tebboune-sest-exprime-sur-lincident-du-cimetiere-del-alia","status":"publish","type":"post","link":"https:\/\/linitiative.ca\/International\/tebboune-sest-exprime-sur-lincident-du-cimetiere-del-alia\/","title":{"rendered":"Tebboune s\u2019est exprim\u00e9 sur l\u2019incident du cimeti\u00e8re d\u2019El Alia !"},"content":{"rendered":"<p><br id=\"sep_para_1\" class=\"sep_para access\"\/><\/p>\n<div id=\"para_1\" class=\"para_33593936 resize\">\n<div class=\"texte access firstletter\">L\u2019ancien premier ministre, Abdelmadjid Tebboune, candidat \u00e0 la pr\u00e9sidentielle du 12 d\u00e9cembre prochain s\u2019est exprim\u00e9 pour la premi\u00e8re fois sur l\u2019incident qui s\u2019\u00e9tait produit au cimeti\u00e8re de El Alia entre lui, Sa\u00efd Bouteflika et Ali Haddad, affirmant que le comportement de ces derniers \u00e9tait \u00abprovocateur \u00e0 son endroit\u00bb. L\u2019incident, qui a eu lieu lors des fun\u00e9railles du feu R\u00e9da Malek, co\u00efncidait avec la crise qui a \u00e9clat\u00e9 entre Abdelmadjid Tebboune, en tant que premier ministre et des hommes d\u2019affaires\u00a0 appuy\u00e9s par le fr\u00e8re de l\u2019ancien pr\u00e9sident Sa\u00efd Bouteflika. Sur une vid\u00e9o, on voit Tebboune\u00a0 mis en quarantaine, tandis que le trio Sa\u00efd Bouteflika, Ali Haddad et Abdelmadjid Sidi Sa\u00efd \u00e9clatait de rire. Cette sc\u00e8ne a suscit\u00e9 une pol\u00e9mique d\u2019autant plus qu\u2019elle a eu lieu dans un endroit inad\u00e9quat mais qui laissait pr\u00e9sageait que les jours de Tebboune \u00e0 la t\u00eate du PM \u00e9taient compt\u00e9s.<\/div>\n<\/div>\n<p>Auteur: R\u00e9flexion<br \/>\n<a href=\"https:\/\/www.reflexiondz.net\/Tebboune-s-est-exprime-sur-l-incident-du-cimetiere-d-El-Alia-_a58365.html\">Cliquez ici pour lire l&rsquo;article depuis sa source.<\/a><\/p>\n","protected":false},"excerpt":{"rendered":"<p>L\u2019ancien premier ministre, Abdelmadjid Tebboune, candidat \u00e0 la pr\u00e9sidentielle du 12 d\u00e9cembre prochain s\u2019est exprim\u00e9 pour la premi\u00e8re fois sur l\u2019incident qui s\u2019\u00e9tait produit au cimeti\u00e8re de El Alia entre lui, Sa\u00efd Bouteflika et Ali Haddad, affirmant que le comportement de ces derniers \u00e9tait \u00abprovocateur \u00e0 son endroit\u00bb. L\u2019incident, qui a eu lieu lors des [&hellip;]<\/p>\n","protected":false},"author":1740,"featured_media":0,"comment_status":"closed","ping_status":"closed","sticky":false,"template":"","format":"standard","meta":{"fifu_image_url":"","fifu_image_alt":"","footnotes":""},"categories":[53,76],"tags":[],"class_list":["post-65075","post","type-post","status-publish","format-standard","hentry","category-algerie","category-regions"],"_links":{"self":[{"href":"https:\/\/linitiative.ca\/International\/wp-json\/wp\/v2\/posts\/65075","targetHints":{"allow":["GET"]}}],"collection":[{"href":"https:\/\/linitiative.ca\/International\/wp-json\/wp\/v2\/posts"}],"about":[{"href":"https:\/\/linitiative.ca\/International\/wp-json\/wp\/v2\/types\/post"}],"author":[{"embeddable":true,"href":"https:\/\/linitiative.ca\/International\/wp-json\/wp\/v2\/users\/1740"}],"replies":[{"embeddable":true,"href":"https:\/\/linitiative.ca\/International\/wp-json\/wp\/v2\/comments?post=65075"}],"version-history":[{"count":0,"href":"https:\/\/linitiative.ca\/International\/wp-json\/wp\/v2\/posts\/65075\/revisions"}],"wp:attachment":[{"href":"https:\/\/linitiative.ca\/International\/wp-json\/wp\/v2\/media?parent=65075"}],"wp:term":[{"taxonomy":"category","embeddable":true,"href":"https:\/\/linitiative.ca\/International\/wp-json\/wp\/v2\/categories?post=65075"},{"taxonomy":"post_tag","embeddable":true,"href":"https:\/\/linitiative.ca\/International\/wp-json\/wp\/v2\/tags?post=65075"}],"curies":[{"name":"wp","href":"https:\/\/api.w.org\/{rel}","templated":true}]}}