{"id":65082,"date":"2019-10-21T05:52:44","date_gmt":"2019-10-21T09:52:44","guid":{"rendered":"https:\/\/linitiative.ca\/International\/mondiaux-de-karate-les-algeriens-bloques-a-lhotel-de-santiago-chili\/"},"modified":"2019-10-21T05:52:44","modified_gmt":"2019-10-21T09:52:44","slug":"mondiaux-de-karate-les-algeriens-bloques-a-lhotel-de-santiago-chili","status":"publish","type":"post","link":"https:\/\/linitiative.ca\/International\/mondiaux-de-karate-les-algeriens-bloques-a-lhotel-de-santiago-chili\/","title":{"rendered":"Mondiaux de Karat\u00e9 : Les Alg\u00e9riens bloqu\u00e9s \u00e0 l\u2019h\u00f4tel de Santiago (Chili)"},"content":{"rendered":"<h4 class=\"title-14\">Championnats du monde de Karat\u00e9 Do (Cadets-juniors et espoirs)<\/h4>\n<div class=\"featured_image\"><img width=\"960\" height=\"720\" data-cfsrc=\"https:\/\/www.elwatan.com\/wp-content\/uploads\/2019\/10\/Se\u0301lection-national-Karate\u0301-DO.jpg\" class=\"attachment-post-thumbnail size-post-thumbnail wp-post-image c2\" alt=\"Mondiaux de Karat\u00e9 : Les Alg\u00e9riens bloqu\u00e9s \u00e0 l'h\u00f4tel de Santiago (Chili)\" srcset=\"https:\/\/www.elwatan.com\/wp-content\/uploads\/2019\/10\/Se\u0301lection-national-Karate\u0301-DO.jpg 960w, https:\/\/www.elwatan.com\/wp-content\/uploads\/2019\/10\/Se\u0301lection-national-Karate\u0301-DO-300x225.jpg 300w, https:\/\/www.elwatan.com\/wp-content\/uploads\/2019\/10\/Se\u0301lection-national-Karate\u0301-DO-768x576.jpg 768w\" sizes=\"(max-width: 960px) 100vw, 960px\"\/><noscript><\/p>\n<p><img loading=\"lazy\" decoding=\"async\" width=\"960\" height=\"720\" src=\"https:\/\/www.elwatan.com\/wp-content\/uploads\/2019\/10\/Se%CC%81lection-national-Karate%CC%81-DO.jpg\" class=\"attachment-post-thumbnail size-post-thumbnail wp-post-image\" alt=\"Mondiaux de Karat\u00e9 : Les Alg\u00e9riens bloqu\u00e9s \u00e0 l'h\u00f4tel de Santiago (Chili)\" srcset=\"https:\/\/www.elwatan.com\/wp-content\/uploads\/2019\/10\/Se\u0301lection-national-Karate\u0301-DO.jpg 960w, https:\/\/www.elwatan.com\/wp-content\/uploads\/2019\/10\/Se\u0301lection-national-Karate\u0301-DO-300x225.jpg 300w, https:\/\/www.elwatan.com\/wp-content\/uploads\/2019\/10\/Se\u0301lection-national-Karate\u0301-DO-768x576.jpg 768w\" sizes=\"auto, (max-width: 960px) 100vw, 960px\"\/><\/p>\n<p><\/noscript><\/div>\n<p dir=\"ltr\">Les s\u00e9lections alg\u00e9riennes de Karat\u00e9 Do (Cadets,juniors et espoirs) arriv\u00e9es hier, dans la capitale chilienne Santiago pour prendre part aux mondiaux de Karat\u00e9, pr\u00e9vus du 23 au 27 octobre, vivent actuellement dans une situation de peur et de psychose, suite aux violentes \u00e9meutes qui ont \u00e9clat\u00e9 depuis deux jours dans la capitale.<\/p>\n<p dir=\"ltr\">La d\u00e9l\u00e9gation alg\u00e9rienne est confin\u00e9e depuis son arriv\u00e9e au Chili dans l\u2019h\u00f4tel, apr\u00e8s le couvre-feu impos\u00e9 par les autorit\u00e9s chiliennes. Selon nos informations, le charg\u00e9 de l\u2019ambassade d\u2019Alg\u00e9rie au Chili a rendu visite \u00e0 la d\u00e9l\u00e9gation alg\u00e9rienne.<\/p>\n<p dir=\"ltr\">Autant dire qu\u2019apr\u00e8s ces violences qui ont caus\u00e9 des morts, les championnats du monde de Karat\u00e9 Do risque d\u2019\u00eatre annul\u00e9s.<\/p>\n<p><span class=\"post-views-label\">Post Views:<\/span> <span class=\"post-views-count\">2\u00a0348<\/span><\/p>\n<p><br class=\"c4\"\/><\/p>\n<p>Auteur: Mohand Yahiaoui<br \/>\n<a href=\"https:\/\/www.elwatan.com\/edition\/sports\/championnats-du-monde-de-karate-do-cadets-juniors-et-espoirs-21-10-2019\">Cliquez ici pour lire l&rsquo;article depuis sa source.<\/a><\/p>\n","protected":false},"excerpt":{"rendered":"<p>Championnats du monde de Karat\u00e9 Do (Cadets-juniors et espoirs) Les s\u00e9lections alg\u00e9riennes de Karat\u00e9 Do (Cadets,juniors et espoirs) arriv\u00e9es hier, dans la capitale chilienne Santiago pour prendre part aux mondiaux de Karat\u00e9, pr\u00e9vus du 23 au 27 octobre, vivent actuellement dans une situation de peur et de psychose, suite aux violentes \u00e9meutes qui ont \u00e9clat\u00e9 [&hellip;]<\/p>\n","protected":false},"author":1743,"featured_media":65083,"comment_status":"closed","ping_status":"closed","sticky":false,"template":"","format":"standard","meta":{"fifu_image_url":"","fifu_image_alt":"","footnotes":""},"categories":[73,53],"tags":[],"class_list":["post-65082","post","type-post","status-publish","format-standard","has-post-thumbnail","hentry","category-actualite","category-algerie"],"_links":{"self":[{"href":"https:\/\/linitiative.ca\/International\/wp-json\/wp\/v2\/posts\/65082","targetHints":{"allow":["GET"]}}],"collection":[{"href":"https:\/\/linitiative.ca\/International\/wp-json\/wp\/v2\/posts"}],"about":[{"href":"https:\/\/linitiative.ca\/International\/wp-json\/wp\/v2\/types\/post"}],"author":[{"embeddable":true,"href":"https:\/\/linitiative.ca\/International\/wp-json\/wp\/v2\/users\/1743"}],"replies":[{"embeddable":true,"href":"https:\/\/linitiative.ca\/International\/wp-json\/wp\/v2\/comments?post=65082"}],"version-history":[{"count":0,"href":"https:\/\/linitiative.ca\/International\/wp-json\/wp\/v2\/posts\/65082\/revisions"}],"wp:featuredmedia":[{"embeddable":true,"href":"https:\/\/linitiative.ca\/International\/wp-json\/"}],"wp:attachment":[{"href":"https:\/\/linitiative.ca\/International\/wp-json\/wp\/v2\/media?parent=65082"}],"wp:term":[{"taxonomy":"category","embeddable":true,"href":"https:\/\/linitiative.ca\/International\/wp-json\/wp\/v2\/categories?post=65082"},{"taxonomy":"post_tag","embeddable":true,"href":"https:\/\/linitiative.ca\/International\/wp-json\/wp\/v2\/tags?post=65082"}],"curies":[{"name":"wp","href":"https:\/\/api.w.org\/{rel}","templated":true}]}}