{"id":65084,"date":"2019-10-21T07:57:01","date_gmt":"2019-10-21T11:57:01","guid":{"rendered":"https:\/\/linitiative.ca\/International\/des-enseignants-protestent-devant-le-siege-du-ministere-de-leducation\/"},"modified":"2019-10-21T07:57:01","modified_gmt":"2019-10-21T11:57:01","slug":"des-enseignants-protestent-devant-le-siege-du-ministere-de-leducation","status":"publish","type":"post","link":"https:\/\/linitiative.ca\/International\/des-enseignants-protestent-devant-le-siege-du-ministere-de-leducation\/","title":{"rendered":"Des enseignants protestent devant le si\u00e8ge du minist\u00e8re de l\u2019\u00c9ducation"},"content":{"rendered":"<h4 class=\"title-14\"\/>\n<div class=\"featured_image\"><img width=\"2048\" height=\"1442\" data-cfsrc=\"https:\/\/www.elwatan.com\/wp-content\/uploads\/2019\/10\/Sit-in-ministe\u0300re-e\u0301ducation-Alger.jpg\" class=\"attachment-post-thumbnail size-post-thumbnail wp-post-image c2\" alt=\"Des enseignants protestent devant le si\u00e8ge du minist\u00e8re de l\u2019\u00c9ducation\" srcset=\"https:\/\/www.elwatan.com\/wp-content\/uploads\/2019\/10\/Sit-in-ministe\u0300re-e\u0301ducation-Alger.jpg 2048w, https:\/\/www.elwatan.com\/wp-content\/uploads\/2019\/10\/Sit-in-ministe\u0300re-e\u0301ducation-Alger-300x211.jpg 300w, https:\/\/www.elwatan.com\/wp-content\/uploads\/2019\/10\/Sit-in-ministe\u0300re-e\u0301ducation-Alger-768x541.jpg 768w, https:\/\/www.elwatan.com\/wp-content\/uploads\/2019\/10\/Sit-in-ministe\u0300re-e\u0301ducation-Alger-1024x721.jpg 1024w, https:\/\/www.elwatan.com\/wp-content\/uploads\/2019\/10\/Sit-in-ministe\u0300re-e\u0301ducation-Alger-1320x929.jpg 1320w\" sizes=\"(max-width: 2048px) 100vw, 2048px\"\/><noscript><\/p>\n<p><img loading=\"lazy\" decoding=\"async\" width=\"2048\" height=\"1442\" src=\"https:\/\/www.elwatan.com\/wp-content\/uploads\/2019\/10\/Sit-in-ministe%CC%80re-e%CC%81ducation-Alger.jpg\" class=\"attachment-post-thumbnail size-post-thumbnail wp-post-image\" alt=\"Des enseignants protestent devant le si\u00e8ge du minist\u00e8re de l\u2019\u00c9ducation\" srcset=\"https:\/\/www.elwatan.com\/wp-content\/uploads\/2019\/10\/Sit-in-ministe\u0300re-e\u0301ducation-Alger.jpg 2048w, https:\/\/www.elwatan.com\/wp-content\/uploads\/2019\/10\/Sit-in-ministe\u0300re-e\u0301ducation-Alger-300x211.jpg 300w, https:\/\/www.elwatan.com\/wp-content\/uploads\/2019\/10\/Sit-in-ministe\u0300re-e\u0301ducation-Alger-768x541.jpg 768w, https:\/\/www.elwatan.com\/wp-content\/uploads\/2019\/10\/Sit-in-ministe\u0300re-e\u0301ducation-Alger-1024x721.jpg 1024w, https:\/\/www.elwatan.com\/wp-content\/uploads\/2019\/10\/Sit-in-ministe\u0300re-e\u0301ducation-Alger-1320x929.jpg 1320w\" sizes=\"auto, (max-width: 2048px) 100vw, 2048px\"\/><\/p>\n<p><\/noscript> <span class=\"featured-image-caption\">Sit-in des enseignants \u00e0 Alger \/ Photo : Sami K.<\/span><\/div>\n<p>Des dizaines d\u2019enseignants ont observ\u00e9, aujourd\u2019hui lundi, un sit-in de protestation devant l\u2019ancien si\u00e8ge du minist\u00e8re de l\u2019\u00c9ducation nationale, \u00e0 Alger.<\/p>\n<p>Venus des quatre coins du pays, les enseignants ont investi le p\u00e9rim\u00e8tre des locaux du minist\u00e8re t\u00f4t le matin, en r\u00e9ponse \u00e0 l\u2019appel \u00e0 une gr\u00e8ve, lanc\u00e9 par le Syndicat national des travailleurs de l\u2019Education (SNTE).<\/p>\n<p>Les enseignants protestataires ont adress\u00e9 des messages au premier responsable du secteur. \u00ab\u00a0Ya wazir nourid attaghyir \u00a0\u00bb (Ministre, nous voulons le changement\u00a0!\u00a0\u00bb, ont-ils cri\u00e9 devant l\u2019ancien si\u00e8ge de leur minist\u00e8re de \u00a0tutelle, sis pr\u00e8s de Kouba, entour\u00e9 par un dispositif de police. Les protestataires ont brandi des \u00a0pancartes o\u00f9 l\u2019on peut lire\u00a0: \u00ab\u00a0Pour la r\u00e9vision du programme p\u00e9dagogique \u00ab\u00a0, \u00ab\u00a0Nous voulons une \u00e9galit\u00e9 dans le classement \u00a0\u00bb ou encore \u00a0\u00bb On ne touche pas \u00e0 la dignit\u00e9 de l\u2019enseignant\u00a0\u00bb.<\/p>\n<p>Un groupe d\u2019enseignants, que nous avons approch\u00e9s sur place, a d\u00e9clar\u00e9\u00a0: \u00ab Nous demandons au ministre de l\u2019Education d\u2019accorder plus de consid\u00e9ration \u00e0 la situation de l\u2019enseignant en particulier dans le palier primaire\u00bb. \u00ab La politique de l\u2019enseignant multi-services doit imp\u00e9rativement Cesser. Nous ne pouvons pas assurer les cours, la surveillance, l\u2019assistance et le suivi p\u00e9dagogique. Nous sommes des enseignants et non des gardiens\u00bb, ont-ils lanc\u00e9.<\/p>\n<p>Les protestataires revendiquent par ailleurs l\u2019amendement du statut particulier, de sorte a\u0300 reclasser les enseignants du secondaire, du moyen et du primaire au m\u00eame grade de base, et le r\u00e9examen du nombre des heures de travail des enseignants du primaire par rapport au temps de travail du moyen et du secondaire.<\/p>\n<p>Des rencontres entre les repr\u00e9sentants des enseignants et des responsables du minist\u00e8re devraient avoir lieu dans l\u2019apr\u00e8s-midi, pour \u00ab\u00a0\u00e9tudier toutes les possibilit\u00e9s et \u00e9viter la radicalisation du mouvement\u00a0\u00bb. Dans le cas contraire, a-t-on ajout\u00e9, \u00a0\u00ab\u00a0la gr\u00e8ve sera reconduite dans les prochains jours\u00a0\u00bb.<\/p>\n<p><strong>Lire aussi<\/strong>\u00a0: <a href=\"https:\/\/www.elwatan.com\/edition\/actualite\/les-syndicats-souscrivent-au-mouvement-des-enseignants-du-primaire-19-10-2019\">Les syndicats souscrivent au mouvement des enseignants du primaire<\/a><\/p>\n<p><iframe loading=\"lazy\" src=\"https:\/\/www.youtube.com\/embed\/jVfsBtGcumk\" width=\"560\" height=\"315\" frameborder=\"0\" allowfullscreen=\"allowfullscreen\">[embedded content]<\/iframe><\/p>\n<p><span class=\"post-views-label\">Post Views:<\/span> <span class=\"post-views-count\">868<\/span><\/p>\n<p><br class=\"c4\"\/><\/p>\n<p>Auteur: Farouk Djouadi<br \/>\n<a href=\"https:\/\/www.elwatan.com\/edition\/actualite\/des-enseignants-protestent-devant-le-siege-du-ministere-de-leducation-21-10-2019\">Cliquez ici pour lire l&rsquo;article depuis sa source.<\/a><\/p>\n","protected":false},"excerpt":{"rendered":"<p>Sit-in des enseignants \u00e0 Alger \/ Photo : Sami K. Des dizaines d\u2019enseignants ont observ\u00e9, aujourd\u2019hui lundi, un sit-in de protestation devant l\u2019ancien si\u00e8ge du minist\u00e8re de l\u2019\u00c9ducation nationale, \u00e0 Alger. Venus des quatre coins du pays, les enseignants ont investi le p\u00e9rim\u00e8tre des locaux du minist\u00e8re t\u00f4t le matin, en r\u00e9ponse \u00e0 l\u2019appel \u00e0 [&hellip;]<\/p>\n","protected":false},"author":1743,"featured_media":65085,"comment_status":"closed","ping_status":"closed","sticky":false,"template":"","format":"standard","meta":{"fifu_image_url":"","fifu_image_alt":"","footnotes":""},"categories":[73,53],"tags":[],"class_list":["post-65084","post","type-post","status-publish","format-standard","has-post-thumbnail","hentry","category-actualite","category-algerie"],"_links":{"self":[{"href":"https:\/\/linitiative.ca\/International\/wp-json\/wp\/v2\/posts\/65084","targetHints":{"allow":["GET"]}}],"collection":[{"href":"https:\/\/linitiative.ca\/International\/wp-json\/wp\/v2\/posts"}],"about":[{"href":"https:\/\/linitiative.ca\/International\/wp-json\/wp\/v2\/types\/post"}],"author":[{"embeddable":true,"href":"https:\/\/linitiative.ca\/International\/wp-json\/wp\/v2\/users\/1743"}],"replies":[{"embeddable":true,"href":"https:\/\/linitiative.ca\/International\/wp-json\/wp\/v2\/comments?post=65084"}],"version-history":[{"count":0,"href":"https:\/\/linitiative.ca\/International\/wp-json\/wp\/v2\/posts\/65084\/revisions"}],"wp:featuredmedia":[{"embeddable":true,"href":"https:\/\/linitiative.ca\/International\/wp-json\/"}],"wp:attachment":[{"href":"https:\/\/linitiative.ca\/International\/wp-json\/wp\/v2\/media?parent=65084"}],"wp:term":[{"taxonomy":"category","embeddable":true,"href":"https:\/\/linitiative.ca\/International\/wp-json\/wp\/v2\/categories?post=65084"},{"taxonomy":"post_tag","embeddable":true,"href":"https:\/\/linitiative.ca\/International\/wp-json\/wp\/v2\/tags?post=65084"}],"curies":[{"name":"wp","href":"https:\/\/api.w.org\/{rel}","templated":true}]}}