{"id":65086,"date":"2019-10-21T09:40:18","date_gmt":"2019-10-21T13:40:18","guid":{"rendered":"https:\/\/linitiative.ca\/International\/les-retraites-et-blesses-de-larmee-reiterent-leurs-revendications-a-chlef\/"},"modified":"2019-10-21T09:40:18","modified_gmt":"2019-10-21T13:40:18","slug":"les-retraites-et-blesses-de-larmee-reiterent-leurs-revendications-a-chlef","status":"publish","type":"post","link":"https:\/\/linitiative.ca\/International\/les-retraites-et-blesses-de-larmee-reiterent-leurs-revendications-a-chlef\/","title":{"rendered":"Les retrait\u00e9s et bless\u00e9s de l\u2019arm\u00e9e r\u00e9it\u00e8rent leurs revendications \u00e0 Chlef"},"content":{"rendered":"<h4 class=\"title-14\"\/>\n<div class=\"featured_image\"><img width=\"2592\" height=\"1944\" data-cfsrc=\"https:\/\/www.elwatan.com\/wp-content\/uploads\/2019\/10\/rassemblement-national-des-retraite\u0301s-de-lANP-a\u0300-Chlef-1.jpg\" class=\"attachment-post-thumbnail size-post-thumbnail wp-post-image c2\" alt=\"\" srcset=\"https:\/\/www.elwatan.com\/wp-content\/uploads\/2019\/10\/rassemblement-national-des-retraite\u0301s-de-lANP-a\u0300-Chlef-1.jpg 2592w, https:\/\/www.elwatan.com\/wp-content\/uploads\/2019\/10\/rassemblement-national-des-retraite\u0301s-de-lANP-a\u0300-Chlef-1-300x225.jpg 300w, https:\/\/www.elwatan.com\/wp-content\/uploads\/2019\/10\/rassemblement-national-des-retraite\u0301s-de-lANP-a\u0300-Chlef-1-768x576.jpg 768w, https:\/\/www.elwatan.com\/wp-content\/uploads\/2019\/10\/rassemblement-national-des-retraite\u0301s-de-lANP-a\u0300-Chlef-1-1024x768.jpg 1024w, https:\/\/www.elwatan.com\/wp-content\/uploads\/2019\/10\/rassemblement-national-des-retraite\u0301s-de-lANP-a\u0300-Chlef-1-1320x990.jpg 1320w\" sizes=\"(max-width: 2592px) 100vw, 2592px\"\/><noscript><\/p>\n<p><img loading=\"lazy\" decoding=\"async\" width=\"2592\" height=\"1944\" src=\"https:\/\/www.elwatan.com\/wp-content\/uploads\/2019\/10\/rassemblement-national-des-retraite%CC%81s-de-lANP-a%CC%80-Chlef-1.jpg\" class=\"attachment-post-thumbnail size-post-thumbnail wp-post-image\" alt=\"\" srcset=\"https:\/\/www.elwatan.com\/wp-content\/uploads\/2019\/10\/rassemblement-national-des-retraite\u0301s-de-lANP-a\u0300-Chlef-1.jpg 2592w, https:\/\/www.elwatan.com\/wp-content\/uploads\/2019\/10\/rassemblement-national-des-retraite\u0301s-de-lANP-a\u0300-Chlef-1-300x225.jpg 300w, https:\/\/www.elwatan.com\/wp-content\/uploads\/2019\/10\/rassemblement-national-des-retraite\u0301s-de-lANP-a\u0300-Chlef-1-768x576.jpg 768w, https:\/\/www.elwatan.com\/wp-content\/uploads\/2019\/10\/rassemblement-national-des-retraite\u0301s-de-lANP-a\u0300-Chlef-1-1024x768.jpg 1024w, https:\/\/www.elwatan.com\/wp-content\/uploads\/2019\/10\/rassemblement-national-des-retraite\u0301s-de-lANP-a\u0300-Chlef-1-1320x990.jpg 1320w\" sizes=\"auto, (max-width: 2592px) 100vw, 2592px\"\/><\/p>\n<p><\/noscript> <span class=\"featured-image-caption\">Photo : A. Yechkour \/ El Watan<\/span><\/div>\n<p>A l\u2019appel de la coordination nationale des retrait\u00e9s et bless\u00e9s de l\u2019ANP et leurs ayants droits, un grand rassemblement national a eu lieu ce lundi matin sur la place de l\u2019ex gare routi\u00e8re de Hai Bensouna, \u00e0 la p\u00e9riph\u00e9rie ouest de la ville de Chlef.<\/p>\n<p>Dans un communiqu\u00e9, ladite coordination indique que ce sit-in national \u00ab\u00a0se veut un appel aux autorit\u00e9s centrales et le minist\u00e8re de tutelle et traduit notre d\u00e9termination \u00e0 poursuivre nos actions pacifiques jusqu\u2019\u00e0 la satisfaction de nos revendications l\u00e9gitimes\u00a0\u00bb.<\/p>\n<p>En effet, les protestataires venus de 44 wilayas, selon les responsables de la coordination , ont organis\u00e9 un sit-in sous un important dispositif s\u00e9curitaire qui \u00e9tait \u00e9galement d\u00e9ploy\u00e9 au centre-ville et \u00e0 l\u2019entr\u00e9e de Chlef.Ils ont pu tenir leur manifestation pacifique au cours de laquelle ils ont r\u00e9it\u00e9r\u00e9 leurs revendications sociales et d\u00e9nonc\u00e9 le non-respect des promesses et engagements des autorit\u00e9s centrales concern\u00e9es quant \u00e0 la prise en charge des dol\u00e9ances l\u00e9gitimes de cette cat\u00e9gorie de militaires retrait\u00e9s et bless\u00e9s au niveau national.<\/p>\n<p>Il s\u2019agit, entre autres, de la question de la couverture sociale et m\u00e9dicale, la revalorisation des pensions, le rel\u00e8vement du taux d\u2019invalidit\u00e9 et l\u2019acc\u00e8s au logement.<\/p>\n<p><span class=\"post-views-label\">Post Views:<\/span> <span class=\"post-views-count\">1\u00a0055<\/span><\/p>\n<p><br class=\"c4\"\/><\/p>\n<p>Auteur: Mohand Yahiaoui<br \/>\n<a href=\"https:\/\/www.elwatan.com\/edition\/actualite\/les-retraites-et-blesses-de-larmee-reiterent-leurs-revendications-a-chlef-21-10-2019\">Cliquez ici pour lire l&rsquo;article depuis sa source.<\/a><\/p>\n","protected":false},"excerpt":{"rendered":"<p>Photo : A. Yechkour \/ El Watan A l\u2019appel de la coordination nationale des retrait\u00e9s et bless\u00e9s de l\u2019ANP et leurs ayants droits, un grand rassemblement national a eu lieu ce lundi matin sur la place de l\u2019ex gare routi\u00e8re de Hai Bensouna, \u00e0 la p\u00e9riph\u00e9rie ouest de la ville de Chlef. Dans un communiqu\u00e9, [&hellip;]<\/p>\n","protected":false},"author":1743,"featured_media":65087,"comment_status":"closed","ping_status":"closed","sticky":false,"template":"","format":"standard","meta":{"fifu_image_url":"","fifu_image_alt":"","footnotes":""},"categories":[73,53],"tags":[],"class_list":["post-65086","post","type-post","status-publish","format-standard","has-post-thumbnail","hentry","category-actualite","category-algerie"],"_links":{"self":[{"href":"https:\/\/linitiative.ca\/International\/wp-json\/wp\/v2\/posts\/65086","targetHints":{"allow":["GET"]}}],"collection":[{"href":"https:\/\/linitiative.ca\/International\/wp-json\/wp\/v2\/posts"}],"about":[{"href":"https:\/\/linitiative.ca\/International\/wp-json\/wp\/v2\/types\/post"}],"author":[{"embeddable":true,"href":"https:\/\/linitiative.ca\/International\/wp-json\/wp\/v2\/users\/1743"}],"replies":[{"embeddable":true,"href":"https:\/\/linitiative.ca\/International\/wp-json\/wp\/v2\/comments?post=65086"}],"version-history":[{"count":0,"href":"https:\/\/linitiative.ca\/International\/wp-json\/wp\/v2\/posts\/65086\/revisions"}],"wp:featuredmedia":[{"embeddable":true,"href":"https:\/\/linitiative.ca\/International\/wp-json\/"}],"wp:attachment":[{"href":"https:\/\/linitiative.ca\/International\/wp-json\/wp\/v2\/media?parent=65086"}],"wp:term":[{"taxonomy":"category","embeddable":true,"href":"https:\/\/linitiative.ca\/International\/wp-json\/wp\/v2\/categories?post=65086"},{"taxonomy":"post_tag","embeddable":true,"href":"https:\/\/linitiative.ca\/International\/wp-json\/wp\/v2\/tags?post=65086"}],"curies":[{"name":"wp","href":"https:\/\/api.w.org\/{rel}","templated":true}]}}