{"id":65088,"date":"2019-10-21T11:03:19","date_gmt":"2019-10-21T15:03:19","guid":{"rendered":"https:\/\/linitiative.ca\/International\/marche-a-ighzer-amokrane-bejaia-liberez-les-otages\/"},"modified":"2019-10-21T11:03:19","modified_gmt":"2019-10-21T15:03:19","slug":"marche-a-ighzer-amokrane-bejaia-liberez-les-otages","status":"publish","type":"post","link":"https:\/\/linitiative.ca\/International\/marche-a-ighzer-amokrane-bejaia-liberez-les-otages\/","title":{"rendered":"Marche \u00e0 Ighzer Amokrane (B\u00e9ja\u00efa) : \u00ab Lib\u00e9rez les otages ! \u00bb"},"content":{"rendered":"<h4 class=\"title-14\"\/>\n<div class=\"featured_image\"><img width=\"960\" height=\"720\" data-cfsrc=\"https:\/\/www.elwatan.com\/wp-content\/uploads\/2019\/10\/Marche-Ighzer-Amokrane.jpg\" class=\"attachment-post-thumbnail size-post-thumbnail wp-post-image c2\" alt=\"Marche \u00e0 Ighzer Amokrane (B\u00e9ja\u00efa) : \u00ab Lib\u00e9rez les otages ! \u00bb\" srcset=\"https:\/\/www.elwatan.com\/wp-content\/uploads\/2019\/10\/Marche-Ighzer-Amokrane.jpg 960w, https:\/\/www.elwatan.com\/wp-content\/uploads\/2019\/10\/Marche-Ighzer-Amokrane-300x225.jpg 300w, https:\/\/www.elwatan.com\/wp-content\/uploads\/2019\/10\/Marche-Ighzer-Amokrane-768x576.jpg 768w\" sizes=\"(max-width: 960px) 100vw, 960px\"\/><noscript><\/p>\n<p><img loading=\"lazy\" decoding=\"async\" width=\"960\" height=\"720\" src=\"https:\/\/www.elwatan.com\/wp-content\/uploads\/2019\/10\/Marche-Ighzer-Amokrane.jpg\" class=\"attachment-post-thumbnail size-post-thumbnail wp-post-image\" alt=\"Marche \u00e0 Ighzer Amokrane (B\u00e9ja\u00efa) : \u00ab Lib\u00e9rez les otages ! \u00bb\" srcset=\"https:\/\/www.elwatan.com\/wp-content\/uploads\/2019\/10\/Marche-Ighzer-Amokrane.jpg 960w, https:\/\/www.elwatan.com\/wp-content\/uploads\/2019\/10\/Marche-Ighzer-Amokrane-300x225.jpg 300w, https:\/\/www.elwatan.com\/wp-content\/uploads\/2019\/10\/Marche-Ighzer-Amokrane-768x576.jpg 768w\" sizes=\"auto, (max-width: 960px) 100vw, 960px\"\/><\/p>\n<p><\/noscript> <span class=\"featured-image-caption\">Photo : N. Douici \/ El Watan<\/span><\/div>\n<p>Une gr\u00e8ve g\u00e9n\u00e9rale a \u00e9t\u00e9 observ\u00e9e, ce lundi 21 octobre, suivie d\u2019une marche populaire dans la commune d\u2019Ighzer Amokrane, \u00e0 une cinquantaine de kilom\u00e8tres au sud de B\u00e9ja\u00efa, pour exiger la lib\u00e9ration imm\u00e9diate et inconditionnelle de tous les d\u00e9tenus d\u2019opinion et l\u2019arr\u00eat de toutes les proc\u00e9dures et poursuites judiciaires engag\u00e9es \u00e0 leur encontre.<\/p>\n<p>Les commerces et les \u00e9tablissements publics ont baiss\u00e9 rideau durant une demi-journ\u00e9e comme les services de la poste, l\u2019APC et les banques. C\u2019est la 5e marche organis\u00e9e depuis l\u2019arrestation de deux enfants de la r\u00e9gion, \u00e0 savoir, les prisonniers Tahar Oudihat et Yazid Kasmi.<\/p>\n<p>\u00ab\u00a0Lib\u00e9rez les otages\u00a0!\u00a0\u00bb, \u00abPour un Etat civil, non militaire\u00a0\u00bb, ont scand\u00e9 les manifestants, en traversant l\u2019axe principal de la ville, du march\u00e9 communal vers le carr\u00e9 des martyrs pr\u00e9s du si\u00e8ge de la mairie. Les marcheurs ont r\u00e9affirm\u00e9 \u00e9galement leur rejet des \u00e9lections pr\u00e9sidentielles du 12 d\u00e9cembre voulues par le pouvoir. La marche a vu la participation de toutes les franges de la soci\u00e9t\u00e9\u00a0: femmes, enfants, hommes, vieux et veilles en plus des militants associatifs. Les familles des d\u00e9tenus ont pris les devants de la marche.<\/p>\n<p>Nadia Matoub, veuve du Rebelle a marqu\u00e9 de sa pr\u00e9sence cette \u00e9ni\u00e8me manifestation. Dans son mot de soutien aux familles des otages, elle compare ces arrestations \u00e0 des \u00abkidnappings\u00bb. Elle a exprim\u00e9 son soutien aux familles des d\u00e9tenus dont elle a salu\u00e9 le courage.<\/p>\n<p>La veuve de Matoub Lounes n\u2019a pas manqu\u00e9 d\u2019exprimer son soutien au Chr\u00e9tiens alg\u00e9riens qui subissent ces jours-ci une terrible pression de la part du pouvoir.<\/p>\n<p><span class=\"post-views-label\">Post Views:<\/span> <span class=\"post-views-count\">494<\/span><\/p>\n<p><br class=\"c5\"\/><\/p>\n<p>Auteur: Mohand Yahiaoui<br \/>\n<a href=\"https:\/\/www.elwatan.com\/edition\/actualite\/marche-a-ighzer-amokrane-bejaia-liberez-les-otages-21-10-2019\">Cliquez ici pour lire l&rsquo;article depuis sa source.<\/a><\/p>\n","protected":false},"excerpt":{"rendered":"<p>Photo : N. Douici \/ El Watan Une gr\u00e8ve g\u00e9n\u00e9rale a \u00e9t\u00e9 observ\u00e9e, ce lundi 21 octobre, suivie d\u2019une marche populaire dans la commune d\u2019Ighzer Amokrane, \u00e0 une cinquantaine de kilom\u00e8tres au sud de B\u00e9ja\u00efa, pour exiger la lib\u00e9ration imm\u00e9diate et inconditionnelle de tous les d\u00e9tenus d\u2019opinion et l\u2019arr\u00eat de toutes les proc\u00e9dures et poursuites [&hellip;]<\/p>\n","protected":false},"author":1743,"featured_media":65089,"comment_status":"closed","ping_status":"closed","sticky":false,"template":"","format":"standard","meta":{"fifu_image_url":"","fifu_image_alt":"","footnotes":""},"categories":[73,53],"tags":[],"class_list":["post-65088","post","type-post","status-publish","format-standard","has-post-thumbnail","hentry","category-actualite","category-algerie"],"_links":{"self":[{"href":"https:\/\/linitiative.ca\/International\/wp-json\/wp\/v2\/posts\/65088","targetHints":{"allow":["GET"]}}],"collection":[{"href":"https:\/\/linitiative.ca\/International\/wp-json\/wp\/v2\/posts"}],"about":[{"href":"https:\/\/linitiative.ca\/International\/wp-json\/wp\/v2\/types\/post"}],"author":[{"embeddable":true,"href":"https:\/\/linitiative.ca\/International\/wp-json\/wp\/v2\/users\/1743"}],"replies":[{"embeddable":true,"href":"https:\/\/linitiative.ca\/International\/wp-json\/wp\/v2\/comments?post=65088"}],"version-history":[{"count":0,"href":"https:\/\/linitiative.ca\/International\/wp-json\/wp\/v2\/posts\/65088\/revisions"}],"wp:featuredmedia":[{"embeddable":true,"href":"https:\/\/linitiative.ca\/International\/wp-json\/"}],"wp:attachment":[{"href":"https:\/\/linitiative.ca\/International\/wp-json\/wp\/v2\/media?parent=65088"}],"wp:term":[{"taxonomy":"category","embeddable":true,"href":"https:\/\/linitiative.ca\/International\/wp-json\/wp\/v2\/categories?post=65088"},{"taxonomy":"post_tag","embeddable":true,"href":"https:\/\/linitiative.ca\/International\/wp-json\/wp\/v2\/tags?post=65088"}],"curies":[{"name":"wp","href":"https:\/\/api.w.org\/{rel}","templated":true}]}}