{"id":65090,"date":"2019-10-21T12:53:48","date_gmt":"2019-10-21T16:53:48","guid":{"rendered":"https:\/\/linitiative.ca\/International\/drapeau-amazigh-quatre-detenus-devant-le-juge-au-tribunal-de-sidi-mhamed\/"},"modified":"2019-10-21T12:53:48","modified_gmt":"2019-10-21T16:53:48","slug":"drapeau-amazigh-quatre-detenus-devant-le-juge-au-tribunal-de-sidi-mhamed","status":"publish","type":"post","link":"https:\/\/linitiative.ca\/International\/drapeau-amazigh-quatre-detenus-devant-le-juge-au-tribunal-de-sidi-mhamed\/","title":{"rendered":"Drapeau amazigh : Quatre d\u00e9tenus devant le juge au tribunal de Sidi M\u2019hamed"},"content":{"rendered":"<h4 class=\"title-14\"\/>\n<div class=\"featured_image\"><img width=\"720\" height=\"478\" data-cfsrc=\"https:\/\/www.elwatan.com\/wp-content\/uploads\/2019\/10\/FB_IMG_1571674319476-1.jpg\" class=\"attachment-post-thumbnail size-post-thumbnail wp-post-image c2\" alt=\"\" srcset=\"https:\/\/www.elwatan.com\/wp-content\/uploads\/2019\/10\/FB_IMG_1571674319476-1.jpg 720w, https:\/\/www.elwatan.com\/wp-content\/uploads\/2019\/10\/FB_IMG_1571674319476-1-300x199.jpg 300w\" sizes=\"(max-width: 720px) 100vw, 720px\"\/><noscript><\/p>\n<p><img loading=\"lazy\" decoding=\"async\" width=\"720\" height=\"478\" src=\"https:\/\/www.elwatan.com\/wp-content\/uploads\/2019\/10\/FB_IMG_1571674319476-1.jpg\" class=\"attachment-post-thumbnail size-post-thumbnail wp-post-image\" alt=\"\" srcset=\"https:\/\/www.elwatan.com\/wp-content\/uploads\/2019\/10\/FB_IMG_1571674319476-1.jpg 720w, https:\/\/www.elwatan.com\/wp-content\/uploads\/2019\/10\/FB_IMG_1571674319476-1-300x199.jpg 300w\" sizes=\"auto, (max-width: 720px) 100vw, 720px\"\/><\/p>\n<p><\/noscript><\/div>\n<p>La phase d\u2019instruction des dossiers des manifestants plac\u00e9s en d\u00e9tention pour port du drapeau amazigh \u00e0 Alger, prend fin.<\/p>\n<p>Quatre d\u00e9tenus d\u2019opinion seront jug\u00e9s demain mardi, en correctionnelle, par le tribunal de Sidi M\u2019hamed (Alger), a appris elwatan.com aupr\u00e8s de Me Seddik Bouhous. Il s\u2019agit, selon l\u2019avocat, des d\u00e9tenus Bacha Bilel, Meharzi Hamza, Safi Taher et Oudihat. Arr\u00eat\u00e9s \u00e0 Alger pour port du drapeau amazigh, ils sont poursuivis pour \u00a0\u00bb atteinte \u00e0 l\u2019int\u00e9grit\u00e9 du territoire national\u00a0\u00bb.<\/p>\n<p>Des affaires similaires devraient \u00eatre jug\u00e9es par le m\u00eame tribunal, durant les prochains jours , selon Me Mouhous.<\/p>\n<p>Il faut rappeler que des dizaines de manifestants, arr\u00eat\u00e9s pour port de l\u2019embl\u00e8me amazigh, sont incarc\u00e9r\u00e9s \u00e0 la prison d\u2019El Harrach depuis juin dernier.<\/p>\n<p><span class=\"post-views-label\">Post Views:<\/span> <span class=\"post-views-count\">595<\/span><\/p>\n<p><br class=\"c4\"\/><\/p>\n<p>Auteur: Farouk Djouadi<br \/>\n<a href=\"https:\/\/www.elwatan.com\/edition\/actualite\/drapeau-amazigh-quatre-detenus-devant-le-juge-au-tribunal-de-sidi-mhamed-21-10-2019\">Cliquez ici pour lire l&rsquo;article depuis sa source.<\/a><\/p>\n","protected":false},"excerpt":{"rendered":"<p>La phase d\u2019instruction des dossiers des manifestants plac\u00e9s en d\u00e9tention pour port du drapeau amazigh \u00e0 Alger, prend fin. Quatre d\u00e9tenus d\u2019opinion seront jug\u00e9s demain mardi, en correctionnelle, par le tribunal de Sidi M\u2019hamed (Alger), a appris elwatan.com aupr\u00e8s de Me Seddik Bouhous. Il s\u2019agit, selon l\u2019avocat, des d\u00e9tenus Bacha Bilel, Meharzi Hamza, Safi Taher [&hellip;]<\/p>\n","protected":false},"author":1743,"featured_media":65091,"comment_status":"closed","ping_status":"closed","sticky":false,"template":"","format":"standard","meta":{"fifu_image_url":"","fifu_image_alt":"","footnotes":""},"categories":[73,53],"tags":[],"class_list":["post-65090","post","type-post","status-publish","format-standard","has-post-thumbnail","hentry","category-actualite","category-algerie"],"_links":{"self":[{"href":"https:\/\/linitiative.ca\/International\/wp-json\/wp\/v2\/posts\/65090","targetHints":{"allow":["GET"]}}],"collection":[{"href":"https:\/\/linitiative.ca\/International\/wp-json\/wp\/v2\/posts"}],"about":[{"href":"https:\/\/linitiative.ca\/International\/wp-json\/wp\/v2\/types\/post"}],"author":[{"embeddable":true,"href":"https:\/\/linitiative.ca\/International\/wp-json\/wp\/v2\/users\/1743"}],"replies":[{"embeddable":true,"href":"https:\/\/linitiative.ca\/International\/wp-json\/wp\/v2\/comments?post=65090"}],"version-history":[{"count":0,"href":"https:\/\/linitiative.ca\/International\/wp-json\/wp\/v2\/posts\/65090\/revisions"}],"wp:featuredmedia":[{"embeddable":true,"href":"https:\/\/linitiative.ca\/International\/wp-json\/"}],"wp:attachment":[{"href":"https:\/\/linitiative.ca\/International\/wp-json\/wp\/v2\/media?parent=65090"}],"wp:term":[{"taxonomy":"category","embeddable":true,"href":"https:\/\/linitiative.ca\/International\/wp-json\/wp\/v2\/categories?post=65090"},{"taxonomy":"post_tag","embeddable":true,"href":"https:\/\/linitiative.ca\/International\/wp-json\/wp\/v2\/tags?post=65090"}],"curies":[{"name":"wp","href":"https:\/\/api.w.org\/{rel}","templated":true}]}}