{"id":65092,"date":"2019-10-21T12:46:00","date_gmt":"2019-10-21T16:46:00","guid":{"rendered":"https:\/\/linitiative.ca\/International\/qui-est-le-terroriste-qui-a-ete-abattu-dimanche-lors-dune-operation-menee-conjointement-par-larmee-et-la-garde-nationale\/"},"modified":"2019-10-21T12:46:00","modified_gmt":"2019-10-21T16:46:00","slug":"qui-est-le-terroriste-qui-a-ete-abattu-dimanche-lors-dune-operation-menee-conjointement-par-larmee-et-la-garde-nationale","status":"publish","type":"post","link":"https:\/\/linitiative.ca\/International\/qui-est-le-terroriste-qui-a-ete-abattu-dimanche-lors-dune-operation-menee-conjointement-par-larmee-et-la-garde-nationale\/","title":{"rendered":"Qui est le terroriste qui a \u00e9t\u00e9 abattu dimanche lors d&rsquo;une op\u00e9ration men\u00e9e conjointement par l&rsquo;arm\u00e9e et la garde nationale"},"content":{"rendered":"<p>24 heures apr\u00e8s l&rsquo;op\u00e9ration anti-terroriste anticipatoire men\u00e9e conjointement par des unit\u00e9s de de l\u2019arm\u00e9e et de la Garde nationale pr\u00e8s de Kasserine, on en sait plus sur l&rsquo;identit\u00e9 du terroriste abattu. Il a 36 ans et il est de nationalit\u00e9 alg\u00e9rienne. Il s&rsquo;appelle Mourad Ben Hammadi Chayeb et son nom de guerre est\u00a0 \u00abOuf Abou Mouhajer\u00bb. Lors de l&rsquo;op\u00e9ration, il \u00e9tait muni d\u2019une arme de type \u00abFN FAL\u00bb. Il est le fr\u00e8re du terroriste alg\u00e9rien, \u00ab\u00a0Lokman Abou Sakher\u00a0\u00bb abattu en 2015 pr\u00e8s de Gafsa et membre du groupe terroriste \u00abKatiba Okba Ibn Nafaa\u00bb.<br \/>Il est impliqu\u00e9 dans plusieurs attaques terroristes perp\u00e9tr\u00e9es dans notre pays depuis 2013, notamment celles visant les unit\u00e9s militaires et s\u00e9curitaires pr\u00e8s des hauteurs du Kef, Jendouba et de Kasserine et a fait l\u2019objet de nombreux mandats de recherche.<\/p>\n<p>Il est \u00e0 noter que des renforts ont \u00e9t\u00e9 d\u00e9p\u00each\u00e9s dans la r\u00e9gion \u00e0 la recherche d\u2019un autre \u00e9l\u00e9ment terroriste bless\u00e9 dans cette op\u00e9ration,<br \/>\u00a0<\/p>\n<p>Auteur:<br \/>\n<a href=\"https:\/\/www.leaders.com.tn\/article\/28238-24\">Cliquez ici pour lire l&rsquo;article depuis sa source.<\/a><\/p>\n","protected":false},"excerpt":{"rendered":"<p>24 heures apr\u00e8s l&rsquo;op\u00e9ration anti-terroriste anticipatoire men\u00e9e conjointement par des unit\u00e9s de de l\u2019arm\u00e9e et de la Garde nationale pr\u00e8s de Kasserine, on en sait plus sur l&rsquo;identit\u00e9 du terroriste abattu. Il a 36 ans et il est de nationalit\u00e9 alg\u00e9rienne. Il s&rsquo;appelle Mourad Ben Hammadi Chayeb et son nom de guerre est\u00a0 \u00abOuf Abou [&hellip;]<\/p>\n","protected":false},"author":1772,"featured_media":0,"comment_status":"closed","ping_status":"closed","sticky":false,"template":"","format":"standard","meta":{"fifu_image_url":"","fifu_image_alt":"","footnotes":""},"categories":[73,55],"tags":[],"class_list":["post-65092","post","type-post","status-publish","format-standard","hentry","category-actualite","category-tunisie"],"_links":{"self":[{"href":"https:\/\/linitiative.ca\/International\/wp-json\/wp\/v2\/posts\/65092","targetHints":{"allow":["GET"]}}],"collection":[{"href":"https:\/\/linitiative.ca\/International\/wp-json\/wp\/v2\/posts"}],"about":[{"href":"https:\/\/linitiative.ca\/International\/wp-json\/wp\/v2\/types\/post"}],"author":[{"embeddable":true,"href":"https:\/\/linitiative.ca\/International\/wp-json\/wp\/v2\/users\/1772"}],"replies":[{"embeddable":true,"href":"https:\/\/linitiative.ca\/International\/wp-json\/wp\/v2\/comments?post=65092"}],"version-history":[{"count":0,"href":"https:\/\/linitiative.ca\/International\/wp-json\/wp\/v2\/posts\/65092\/revisions"}],"wp:attachment":[{"href":"https:\/\/linitiative.ca\/International\/wp-json\/wp\/v2\/media?parent=65092"}],"wp:term":[{"taxonomy":"category","embeddable":true,"href":"https:\/\/linitiative.ca\/International\/wp-json\/wp\/v2\/categories?post=65092"},{"taxonomy":"post_tag","embeddable":true,"href":"https:\/\/linitiative.ca\/International\/wp-json\/wp\/v2\/tags?post=65092"}],"curies":[{"name":"wp","href":"https:\/\/api.w.org\/{rel}","templated":true}]}}