{"id":65093,"date":"2019-10-21T13:30:00","date_gmt":"2019-10-21T17:30:00","guid":{"rendered":"https:\/\/linitiative.ca\/International\/ren-zhengfei-a-leaders-les-sanctions-americaines-contre-huawei-sont-politiques-nous-sommes-prets-a-signer-avec-nos-clients-tous-les-accords-de-confidentialite\/"},"modified":"2019-10-21T13:30:00","modified_gmt":"2019-10-21T17:30:00","slug":"ren-zhengfei-a-leaders-les-sanctions-americaines-contre-huawei-sont-politiques-nous-sommes-prets-a-signer-avec-nos-clients-tous-les-accords-de-confidentialite","status":"publish","type":"post","link":"https:\/\/linitiative.ca\/International\/ren-zhengfei-a-leaders-les-sanctions-americaines-contre-huawei-sont-politiques-nous-sommes-prets-a-signer-avec-nos-clients-tous-les-accords-de-confidentialite\/","title":{"rendered":"Ren Zhengfei \u00e0 Leaders : Les sanctions am\u00e9ricaines contre Huawei sont politiques, nous sommes pr\u00eats \u00e0 signer avec nos clients tous les accords de confidentialit\u00e9"},"content":{"rendered":"<p><em><strong>Shenzhen, Sud de la Chine, de l\u2019envoy\u00e9 sp\u00e9cial de Leaders, Taoufik Habaieb &#8211;<\/strong><\/em> S\u2019il ne se laisser par aller vers l\u2019escalade dans le bras de fer entre les Etats-Unis et la Chine, le pr\u00e9sident de Huawei, Ren Zhengfei tient \u00e0 clarifier la position de sa compagnie. \u00ab\u00a0Les sanctions am\u00e9ricaines \u00e9dict\u00e9es n\u2019ont aucune relation avec la guerre commerciale entre les deux pays, elles sont politiques\u00bb, a-t-il affirm\u00e9 \u00e0 l&rsquo;envoy\u00e9 sp\u00e9cial de Leaders \u00e0 Shenzhen en Chine. Jusque-l\u00e0, a-t-il poursuivi, nous n\u2019avons enregistr\u00e9 aucun apaisement des tensions ou am\u00e9lioration de la situation, mais cela n\u2019impacte pas particuli\u00e8rement nos r\u00e9sultats. S\u2019il est vrai qu\u2019une incidence a \u00e9t\u00e9 constat\u00e9e sur nos volumes d\u2019affaires dans certains march\u00e9s, nous continuons \u00e0 enregistrer une forte croissance, avec 24,4%, durant les neuf premiers mois de 2019\u00a0\u00bb.<\/p>\n<p>Balayant d&rsquo;un revers de main, les diff\u00e9rentes accusations d\u2019alignement politique national et de non-respect de la confidentialit\u00e9 port\u00e9es contre Huawei, Ren Zhengfei est ferme : Nous respectons la souverainet\u00e9 num\u00e9rique de chaque Etat. Il n\u2019y a pas de portes-arri\u00e8res par o\u00f9 peuvent passer des informations et sommes dispos\u00e9s \u00e0 signer tout engagement \u00e0 cet effet. \u00bb<\/p>\n<p><strong>Lire aussi<\/strong><\/p>\n<p><a href=\"https:\/\/www.leaders.com.tn\/article\/28240-ren-zhengfei-le-fondateur-de-huawei-recoit-leaders-a-shenzhen-les-secrets-de-son-empire-technologique-ses-souvenirs-en-tunisie-et-son-message-a-la-jeunesse-tunisienne\" target=\"_blank\" rel=\"noopener noreferrer\">Ren Zhengfei, le fondateur de Huawe\u00ef, re\u00e7oit Leaders \u00e0 Shenzhen: les secrets de son empire technologique, ses souvenirs en Tunisie et son message \u00e0 la jeunesse tunisienne<\/a><\/p>\n<p>Auteur:<br \/>\n<a href=\"https:\/\/www.leaders.com.tn\/article\/28239-ren-zhengfei-a-leaders-les-sanctions-americaines-contre-huawei-sont-politiques-nous-sommes-prets-a-signer-avec-nos-clients-tous-les-accords-de-confidentialite\">Cliquez ici pour lire l&rsquo;article depuis sa source.<\/a><\/p>\n","protected":false},"excerpt":{"rendered":"<p>Shenzhen, Sud de la Chine, de l\u2019envoy\u00e9 sp\u00e9cial de Leaders, Taoufik Habaieb &#8211; S\u2019il ne se laisser par aller vers l\u2019escalade dans le bras de fer entre les Etats-Unis et la Chine, le pr\u00e9sident de Huawei, Ren Zhengfei tient \u00e0 clarifier la position de sa compagnie. \u00ab\u00a0Les sanctions am\u00e9ricaines \u00e9dict\u00e9es n\u2019ont aucune relation avec la [&hellip;]<\/p>\n","protected":false},"author":1772,"featured_media":0,"comment_status":"closed","ping_status":"closed","sticky":false,"template":"","format":"standard","meta":{"fifu_image_url":"","fifu_image_alt":"","footnotes":""},"categories":[73,55],"tags":[],"class_list":["post-65093","post","type-post","status-publish","format-standard","hentry","category-actualite","category-tunisie"],"_links":{"self":[{"href":"https:\/\/linitiative.ca\/International\/wp-json\/wp\/v2\/posts\/65093","targetHints":{"allow":["GET"]}}],"collection":[{"href":"https:\/\/linitiative.ca\/International\/wp-json\/wp\/v2\/posts"}],"about":[{"href":"https:\/\/linitiative.ca\/International\/wp-json\/wp\/v2\/types\/post"}],"author":[{"embeddable":true,"href":"https:\/\/linitiative.ca\/International\/wp-json\/wp\/v2\/users\/1772"}],"replies":[{"embeddable":true,"href":"https:\/\/linitiative.ca\/International\/wp-json\/wp\/v2\/comments?post=65093"}],"version-history":[{"count":0,"href":"https:\/\/linitiative.ca\/International\/wp-json\/wp\/v2\/posts\/65093\/revisions"}],"wp:attachment":[{"href":"https:\/\/linitiative.ca\/International\/wp-json\/wp\/v2\/media?parent=65093"}],"wp:term":[{"taxonomy":"category","embeddable":true,"href":"https:\/\/linitiative.ca\/International\/wp-json\/wp\/v2\/categories?post=65093"},{"taxonomy":"post_tag","embeddable":true,"href":"https:\/\/linitiative.ca\/International\/wp-json\/wp\/v2\/tags?post=65093"}],"curies":[{"name":"wp","href":"https:\/\/api.w.org\/{rel}","templated":true}]}}