{"id":65096,"date":"2019-10-21T13:53:00","date_gmt":"2019-10-21T17:53:00","guid":{"rendered":"https:\/\/linitiative.ca\/International\/le-fonds-tasdir-se-deplace-dans-les-regions-pour-la-vulgarisation-de-son-programme-dappui-aupres-de-200-entreprises\/"},"modified":"2019-10-21T13:53:00","modified_gmt":"2019-10-21T17:53:00","slug":"le-fonds-tasdir-se-deplace-dans-les-regions-pour-la-vulgarisation-de-son-programme-dappui-aupres-de-200-entreprises","status":"publish","type":"post","link":"https:\/\/linitiative.ca\/International\/le-fonds-tasdir-se-deplace-dans-les-regions-pour-la-vulgarisation-de-son-programme-dappui-aupres-de-200-entreprises\/","title":{"rendered":"Le Fonds TASDIR+ se d\u00e9place dans les r\u00e9gions pour la  vulgarisation de son programme d\u2019appui aupr\u00e8s de 200 entreprises"},"content":{"rendered":"<p>Le Fonds TASDIR+, qui entame durant cette p\u00e9riode le dernier virage de son 4\u00e8me Appel \u00e0 Candidatures qu\u2019il a lanc\u00e9 pour une p\u00e9riode de six semaines et jusqu\u2019au lundi 4 novembre 2019 a organis\u00e9 durant la 3<sup>\u00e8me<\/sup> semaine du mois d\u2019octobre pas moins 5 \u00e9v\u00e9nements majeurs dans les r\u00e9gions en partant \u00e0 la rencontres des entreprises \u00e0 travers le territoire national. Il s&rsquo;agit d&rsquo;expliquer le programme du Fonds et son mode d\u2019appui, ainsi que les avantages accord\u00e9s aux entreprises qui souhaitent diversifier leurs march\u00e9s, leurs exportations ou bien qui ambitionnent de mettre le pied sur les march\u00e9s ext\u00e9rieurs.<\/p>\n<p>Plus de 200 entreprises rencontr\u00e9es dans les 5 r\u00e9gions visit\u00e9es \u00e0 savoir ai Nord-Ouest (B\u00e9ja \u2013 Le Kef), au Centre-Ouest\u00a0 (Kasserine) au Sahel (Sousse) et au Sud-Est (Gab\u00e8s).<\/p>\n<p>En lan\u00e7ant son op\u00e9ration \u00ab La Conqu\u00eate des March\u00e9s Ext\u00e9rieurs \u00bb \u00e0 l\u2019occasion de son 4\u00e8me Appel \u00e0 Candidatures, TASDIR+ ambitionne d\u2019int\u00e9grer dans son programme d\u2019appui la plus grande partie des entreprises actives dans les r\u00e9gions notamment celles \u00e0 potentiel du Nord-Ouest, Centre-Ouest et du Sud r\u00e9gions qui ne comptent pas un grand nombre de b\u00e9n\u00e9ficiaires \u00e0 ce jour.<\/p>\n<p>Bien qu\u2019ayant identifi\u00e9 avec ses partenaires r\u00e9gionaux un potentiel r\u00e9el pour des dizaines d\u2019entreprises qui ont les moyens de s\u2019imposer sur les march\u00e9s internationaux et qui seront encourag\u00e9es\/approch\u00e9es pour candidater, le Fonds TASDIR+ lance un appel aux organisations et aux institutions des r\u00e9gions r\u00e9pertori\u00e9es pour vulgariser davantage les entreprises de leurs r\u00e9gions. Beaucoup d\u2019entreprises ne connaissent pas \u00e0 ce jour le Fonds TASDIR+ et il s\u2019agit dans ce cas que l\u2019information sur l\u2019existence du Fonds TASDIR+ soit diffus\u00e9e \u00e0 une plus large \u00e9chelle au niveau des r\u00e9gions. Vaste programme qui n\u00e9cessite l\u2019appui des partenaires locaux.<\/p>\n<p>Il est utile de rappeler que le Fonds TASDIR+ est un programme gouvernemental g\u00e9r\u00e9 parle CEPEX et financ\u00e9 par la Banque Mondiale pour une p\u00e9riode de 5ans et avec un budget allou\u00e9 de 17 millions \u20ac\u00a0 dont 15 millions \u20ac sont allou\u00e9 pour l\u2019appui aux entreprises.\u00a0<\/p>\n<p>Auteur:<br \/>\n<a href=\"https:\/\/www.leaders.com.tn\/article\/28241-le-fonds-tasdir-se-deplace-dans-les-regions-pour-la-vulgarisation-de-son-programme-d-appui-aupres-de-200-entreprises\">Cliquez ici pour lire l&rsquo;article depuis sa source.<\/a><\/p>\n","protected":false},"excerpt":{"rendered":"<p>Le Fonds TASDIR+, qui entame durant cette p\u00e9riode le dernier virage de son 4\u00e8me Appel \u00e0 Candidatures qu\u2019il a lanc\u00e9 pour une p\u00e9riode de six semaines et jusqu\u2019au lundi 4 novembre 2019 a organis\u00e9 durant la 3\u00e8me semaine du mois d\u2019octobre pas moins 5 \u00e9v\u00e9nements majeurs dans les r\u00e9gions en partant \u00e0 la rencontres des [&hellip;]<\/p>\n","protected":false},"author":1772,"featured_media":0,"comment_status":"closed","ping_status":"closed","sticky":false,"template":"","format":"standard","meta":{"fifu_image_url":"","fifu_image_alt":"","footnotes":""},"categories":[73,55],"tags":[],"class_list":["post-65096","post","type-post","status-publish","format-standard","hentry","category-actualite","category-tunisie"],"_links":{"self":[{"href":"https:\/\/linitiative.ca\/International\/wp-json\/wp\/v2\/posts\/65096","targetHints":{"allow":["GET"]}}],"collection":[{"href":"https:\/\/linitiative.ca\/International\/wp-json\/wp\/v2\/posts"}],"about":[{"href":"https:\/\/linitiative.ca\/International\/wp-json\/wp\/v2\/types\/post"}],"author":[{"embeddable":true,"href":"https:\/\/linitiative.ca\/International\/wp-json\/wp\/v2\/users\/1772"}],"replies":[{"embeddable":true,"href":"https:\/\/linitiative.ca\/International\/wp-json\/wp\/v2\/comments?post=65096"}],"version-history":[{"count":0,"href":"https:\/\/linitiative.ca\/International\/wp-json\/wp\/v2\/posts\/65096\/revisions"}],"wp:attachment":[{"href":"https:\/\/linitiative.ca\/International\/wp-json\/wp\/v2\/media?parent=65096"}],"wp:term":[{"taxonomy":"category","embeddable":true,"href":"https:\/\/linitiative.ca\/International\/wp-json\/wp\/v2\/categories?post=65096"},{"taxonomy":"post_tag","embeddable":true,"href":"https:\/\/linitiative.ca\/International\/wp-json\/wp\/v2\/tags?post=65096"}],"curies":[{"name":"wp","href":"https:\/\/api.w.org\/{rel}","templated":true}]}}