{"id":65097,"date":"2019-10-21T14:11:00","date_gmt":"2019-10-21T18:11:00","guid":{"rendered":"https:\/\/linitiative.ca\/International\/topnet-et-lugtt-signent-le-protocole-daccord-sur-les-negociations-sociales\/"},"modified":"2019-10-21T14:11:00","modified_gmt":"2019-10-21T18:11:00","slug":"topnet-et-lugtt-signent-le-protocole-daccord-sur-les-negociations-sociales","status":"publish","type":"post","link":"https:\/\/linitiative.ca\/International\/topnet-et-lugtt-signent-le-protocole-daccord-sur-les-negociations-sociales\/","title":{"rendered":"TOPNET et l&rsquo;UGTT signent le protocole d&rsquo;accord sur les n\u00e9gociations sociales"},"content":{"rendered":"<p>TOPNET et l\u2019Union G\u00e9n\u00e9rale des Travailleurs Tunisiens (UGTT) ont sign\u00e9 le 18 Octobre 2019 au si\u00e8ge de TOPNET, le protocole d\u2019accord portant sur les n\u00e9gociations sociales au titre de l\u2019ann\u00e9e 2019-2020, fixant les nouvelles augmentations de salaires et avantages accord\u00e9s aux salari\u00e9s de cette entit\u00e9.<\/p>\n<p>La convention a \u00e9t\u00e9 sign\u00e9e par Mme Rym Akremi Ben Dhief Directrice G\u00e9n\u00e9rale de TOPNET, Mr Fakhreddine Laouiti\u00a0 Secr\u00e9taire G\u00e9n\u00e9ral du syndicat de base de TOPNET,\u00a0 et ce en la pr\u00e9sence Mr Noureddine Taboubi Secr\u00e9taire G\u00e9n\u00e9ral de l&rsquo;Union G\u00e9n\u00e9rale Tunisienne du Travail (UGTT) et de Mr Mohamed Fadhel Kraiem Pr\u00e9sident Directeur G\u00e9n\u00e9ral du Groupe Tunisie T\u00e9l\u00e9com.<\/p>\n<p>Au cours de cette c\u00e9r\u00e9monie, la Directrice G\u00e9n\u00e9ral de TOPNET s\u2019est d\u00e9clar\u00e9e ravie de l\u2019aboutissement de cet accord, qui couronne les efforts continus de l\u2019ensemble du personnel TOPNET r\u00e9alisant des acquis importants dans un march\u00e9 fortement concurrentiel dont notamment une part de march\u00e9 qui culmine \u00e0 pr\u00e8s de 62% en septembre 2019 avec un parc d\u2019abonn\u00e9s ADSL, VDSL qui a bondi de 17,3% en un an passant de 370 000 en septembre 2018 \u00e0 435 000 en septembre 2019. Quant au chiffre d\u2019affaires, il s&rsquo;est accru de 49%.<\/p>\n<p>Par ses r\u00e9alisations, la Direction G\u00e9n\u00e9rale r\u00e9it\u00e8re ses remerciements \u00e0 tous les employ\u00e9s pour les efforts d\u00e9ploy\u00e9s et les incitent \u00e0 continuer sur cette lanc\u00e9e.<\/p>\n<p>Il est \u00e0 noter que cet accord permettra d\u2019offrir aux salari\u00e9s TOPNET un environnement propice \u00e0 l\u2019\u00e9panouissement de ses collaborateurs dans leur travail, et ainsi la focalisation sur la performance afin de mieux renforcer la comp\u00e9titivit\u00e9 de TOPNET.\u00a0 Cet accord prouve aussi la confiance et la solidit\u00e9 du partenariat qui lient les deux parties \u00bb.<\/p>\n<p>De son c\u00f4t\u00e9 Mr Fakhreddine Laouiti Secr\u00e9taire G\u00e9n\u00e9ral du syndicat de base de TOPNET a d\u00e9clar\u00e9 que \u00ab cet accord portant d\u2019embl\u00e9e sur deux ann\u00e9es est prometteur surtout dans notre secteur d\u2019activit\u00e9 ; nous attachons une attention particuli\u00e8re sur l\u2019am\u00e9lioration du bien-\u00eatre de nos coll\u00e8gues dans leur travail, tout en privil\u00e9giant un rapport gagnant\/gagnant qui tient compte des int\u00e9r\u00eats de toutes les parties \u00bb.<br \/>\u00a0<\/p>\n<p>Auteur:<br \/>\n<a href=\"https:\/\/www.leaders.com.tn\/article\/28242-topnet-et-l-ugtt-signent-le-protocole-d-accord-sur-les-negociations-sociales\">Cliquez ici pour lire l&rsquo;article depuis sa source.<\/a><\/p>\n","protected":false},"excerpt":{"rendered":"<p>TOPNET et l\u2019Union G\u00e9n\u00e9rale des Travailleurs Tunisiens (UGTT) ont sign\u00e9 le 18 Octobre 2019 au si\u00e8ge de TOPNET, le protocole d\u2019accord portant sur les n\u00e9gociations sociales au titre de l\u2019ann\u00e9e 2019-2020, fixant les nouvelles augmentations de salaires et avantages accord\u00e9s aux salari\u00e9s de cette entit\u00e9. La convention a \u00e9t\u00e9 sign\u00e9e par Mme Rym Akremi Ben [&hellip;]<\/p>\n","protected":false},"author":1772,"featured_media":0,"comment_status":"closed","ping_status":"closed","sticky":false,"template":"","format":"standard","meta":{"fifu_image_url":"","fifu_image_alt":"","footnotes":""},"categories":[73,55],"tags":[],"class_list":["post-65097","post","type-post","status-publish","format-standard","hentry","category-actualite","category-tunisie"],"_links":{"self":[{"href":"https:\/\/linitiative.ca\/International\/wp-json\/wp\/v2\/posts\/65097","targetHints":{"allow":["GET"]}}],"collection":[{"href":"https:\/\/linitiative.ca\/International\/wp-json\/wp\/v2\/posts"}],"about":[{"href":"https:\/\/linitiative.ca\/International\/wp-json\/wp\/v2\/types\/post"}],"author":[{"embeddable":true,"href":"https:\/\/linitiative.ca\/International\/wp-json\/wp\/v2\/users\/1772"}],"replies":[{"embeddable":true,"href":"https:\/\/linitiative.ca\/International\/wp-json\/wp\/v2\/comments?post=65097"}],"version-history":[{"count":0,"href":"https:\/\/linitiative.ca\/International\/wp-json\/wp\/v2\/posts\/65097\/revisions"}],"wp:attachment":[{"href":"https:\/\/linitiative.ca\/International\/wp-json\/wp\/v2\/media?parent=65097"}],"wp:term":[{"taxonomy":"category","embeddable":true,"href":"https:\/\/linitiative.ca\/International\/wp-json\/wp\/v2\/categories?post=65097"},{"taxonomy":"post_tag","embeddable":true,"href":"https:\/\/linitiative.ca\/International\/wp-json\/wp\/v2\/tags?post=65097"}],"curies":[{"name":"wp","href":"https:\/\/api.w.org\/{rel}","templated":true}]}}