{"id":65104,"date":"2019-10-21T12:53:51","date_gmt":"2019-10-21T16:53:51","guid":{"rendered":"https:\/\/linitiative.ca\/International\/les-editions-de-la-gazette-en-deuil-nadia-sefraoui-nous-a-quittes\/"},"modified":"2019-10-21T12:53:51","modified_gmt":"2019-10-21T16:53:51","slug":"les-editions-de-la-gazette-en-deuil-nadia-sefraoui-nous-a-quittes","status":"publish","type":"post","link":"https:\/\/linitiative.ca\/International\/les-editions-de-la-gazette-en-deuil-nadia-sefraoui-nous-a-quittes\/","title":{"rendered":"Les \u00c9ditions de La Gazette en deuil, Nadia Sefraoui nous a quitt\u00e9s"},"content":{"rendered":"<p><strong>Le groupe m\u00e9dia \u00ab\u00a0Les \u00c9ditions de La Gazette\u00a0\u00bb ( VH, Challenge , Lalla Fat\u00e9ma) a l\u2019immense regret de vous annoncer le d\u00e9c\u00e8s de la journaliste Nadia Sefraoui.<\/strong><\/p>\n<div class=\"c10\"\/>\n<p>Nadia Sefraoui, qui a \u00e9t\u00e9 l\u2019une des journalistes les plus engag\u00e9es du groupe, a subi une attaque c\u00e9r\u00e9brale d\u00e9but septembre. Elle a lutt\u00e9 durant ces derni\u00e8res semaines pour survivre \u00e0 ce drame. Son d\u00e9c\u00e8s est survenu aujourd\u2019hui.<\/p>\n<p>Journaliste au sein de l\u2019\u00e9quipe de la r\u00e9daction de notre magazine VH pendant pr\u00e8s de cinq ans, Nadia \u00e9tait dot\u00e9e d\u2019une grande culture g\u00e9n\u00e9rale et avait le contact facile. C\u2019\u00e9tait une battante et une grande passionn\u00e9e de la vie.<\/p>\n<p>Toutes les \u00e9quipes du groupe, M. Kamal Lahlou \u00e0 leur t\u00eate, sont afflig\u00e9s par la perte d\u2019une coll\u00e8gue qui a toujours fait preuve d\u2019abn\u00e9gation. Son sourire permanent et sa joie de vivre auront marqu\u00e9 toutes les personnes qui l\u2019ont connue.<\/p>\n<p>Nadia Sefraoui sera inhum\u00e9e demain.<\/p>\n<p>\u0625\u0646\u0651\u0627 \u0644\u0644\u0647 \u0648 \u0625\u0646\u0651\u0627 \u0625\u0644\u064a\u0647 \u0631\u0627\u062c\u0639\u0648\u0646<\/p>\n<div class=\"c17\">\n<fieldset class=\"c16\">\n<legend><strong><span class=\"c11\">Challenge<\/span><span class=\"c12\">news<\/span><\/strong><\/legend>\n<div class=\"c15\">Le meilleur de la r\u00e9daction s\u00e9lectionn\u00e9 par Challenge :<\/p>\n<\/div>\n<\/fieldset>\n<\/div>\n<p>Auteur: challenge<br \/>\n<a href=\"https:\/\/www.challenge.ma\/les-editions-de-la-gazette-en-deuil-nadia-sefraoui-nous-a-quittes-120956\/\">Cliquez ici pour lire l&rsquo;article depuis sa source.<\/a><\/p>\n","protected":false},"excerpt":{"rendered":"<p>Le groupe m\u00e9dia \u00ab\u00a0Les \u00c9ditions de La Gazette\u00a0\u00bb ( VH, Challenge , Lalla Fat\u00e9ma) a l\u2019immense regret de vous annoncer le d\u00e9c\u00e8s de la journaliste Nadia Sefraoui. Nadia Sefraoui, qui a \u00e9t\u00e9 l\u2019une des journalistes les plus engag\u00e9es du groupe, a subi une attaque c\u00e9r\u00e9brale d\u00e9but septembre. Elle a lutt\u00e9 durant ces derni\u00e8res semaines pour [&hellip;]<\/p>\n","protected":false},"author":1787,"featured_media":0,"comment_status":"closed","ping_status":"closed","sticky":false,"template":"","format":"standard","meta":{"fifu_image_url":"","fifu_image_alt":"","footnotes":""},"categories":[78,54],"tags":[],"class_list":["post-65104","post","type-post","status-publish","format-standard","hentry","category-economie","category-maroc"],"_links":{"self":[{"href":"https:\/\/linitiative.ca\/International\/wp-json\/wp\/v2\/posts\/65104","targetHints":{"allow":["GET"]}}],"collection":[{"href":"https:\/\/linitiative.ca\/International\/wp-json\/wp\/v2\/posts"}],"about":[{"href":"https:\/\/linitiative.ca\/International\/wp-json\/wp\/v2\/types\/post"}],"author":[{"embeddable":true,"href":"https:\/\/linitiative.ca\/International\/wp-json\/wp\/v2\/users\/1787"}],"replies":[{"embeddable":true,"href":"https:\/\/linitiative.ca\/International\/wp-json\/wp\/v2\/comments?post=65104"}],"version-history":[{"count":0,"href":"https:\/\/linitiative.ca\/International\/wp-json\/wp\/v2\/posts\/65104\/revisions"}],"wp:attachment":[{"href":"https:\/\/linitiative.ca\/International\/wp-json\/wp\/v2\/media?parent=65104"}],"wp:term":[{"taxonomy":"category","embeddable":true,"href":"https:\/\/linitiative.ca\/International\/wp-json\/wp\/v2\/categories?post=65104"},{"taxonomy":"post_tag","embeddable":true,"href":"https:\/\/linitiative.ca\/International\/wp-json\/wp\/v2\/tags?post=65104"}],"curies":[{"name":"wp","href":"https:\/\/api.w.org\/{rel}","templated":true}]}}