{"id":65105,"date":"2019-10-21T13:51:50","date_gmt":"2019-10-21T17:51:50","guid":{"rendered":"https:\/\/linitiative.ca\/International\/classic-cars-expo-une-2eme-edition-remarquable\/"},"modified":"2019-10-21T13:51:50","modified_gmt":"2019-10-21T17:51:50","slug":"classic-cars-expo-une-2eme-edition-remarquable","status":"publish","type":"post","link":"https:\/\/linitiative.ca\/International\/classic-cars-expo-une-2eme-edition-remarquable\/","title":{"rendered":"Classic Cars Expo : Une 2\u00e8me \u00e9dition remarquable"},"content":{"rendered":"<p><strong>La deuxi\u00e8me \u00e9dition du \u00abClassic Cars Expo\u00bb qui s\u2019est d\u00e9roul\u00e9e du vendredi 18 au dimanche 20 octobre courant en plein c\u0153ur du Motorvillage \u00e0 Bouskoura a connu un tr\u00e8s grand succ\u00e8s populaire. Nombreux ont \u00e9t\u00e9 les visiteurs et autres passionn\u00e9es de l\u2019automobile \u00e0 venir admirer une belle brochette de v\u00e9hicules d\u2019\u00e9poque avec, en prime, des pi\u00e8ces in\u00e9dites et de grandes valeurs. De quoi r\u00e9jouir leurs propri\u00e9taires et l\u2019organisateur de l\u2019\u00e9v\u00e9nement \u00e0 savoir l<\/strong>\u2019<strong>Union Marocaine des Automobiles Anciennes<\/strong>\u00a0<strong>(UMAA) qui, pour cette deuxi\u00e8me \u00e9dition, ont plac\u00e9 la barre haut.<\/strong><\/p>\n<div class=\"c10\"\/>\n<p>C\u2019est sous un soleil radieux en ce vendredi 18 octobre que la caravane du Classic Cars Expo a pris possession du Motorvillage de Bouskoura. Telle une ruche en pleine effervescence, les membres de l\u2019UMAA et l\u2019ensemble de leurs partenaires se sont affair\u00e9s aux derniers pr\u00e9paratifs et autres petits d\u00e9tails afin d\u2019accueillir comme il se doit le grand public. Placement millim\u00e9tr\u00e9 des v\u00e9hicules sur leur aire de stationnement, carrosseries bichonn\u00e9es, responsables s\u2019employant \u00e0 bien am\u00e9nager leurs stands, derniers tests en mati\u00e8re de sonorisation histoire de parfaire l\u2019animation musicale, tout \u00e9tait fin pr\u00eat pour que d\u00e9bute en fanfare cette grande f\u00eate de l\u2019automobile.<\/p>\n<p><img decoding=\"async\" src=\"https:\/\/www.challenge.ma\/wp-content\/uploads\/2019\/10\/M.-Abdellah-Chater-Gouverneur-de-la-province-de-Nouaceur-a-proc%C3%A9d%C3%A9-%C3%A0-l%E2%80%99inauguration-de-la-2%C3%A8me-%C3%A9dition-des-Classic-Cars-en-pr%C3%A9sence-des-membres-de-lUMAA-dont-.-1024x683.jpg\" alt=\"\" class=\"wp-image-120967\" srcset=\"https:\/\/www.challenge.ma\/wp-content\/uploads\/2019\/10\/M.-Abdellah-Chater-Gouverneur-de-la-province-de-Nouaceur-a-proc\u00e9d\u00e9-\u00e0-l\u2019inauguration-de-la-2\u00e8me-\u00e9dition-des-Classic-Cars-en-pr\u00e9sence-des-membres-de-lUMAA-dont-.-1024x683.jpg 1024w, https:\/\/www.challenge.ma\/wp-content\/uploads\/2019\/10\/M.-Abdellah-Chater-Gouverneur-de-la-province-de-Nouaceur-a-proc\u00e9d\u00e9-\u00e0-l\u2019inauguration-de-la-2\u00e8me-\u00e9dition-des-Classic-Cars-en-pr\u00e9sence-des-membres-de-lUMAA-dont-.-300x200.jpg 300w, https:\/\/www.challenge.ma\/wp-content\/uploads\/2019\/10\/M.-Abdellah-Chater-Gouverneur-de-la-province-de-Nouaceur-a-proc\u00e9d\u00e9-\u00e0-l\u2019inauguration-de-la-2\u00e8me-\u00e9dition-des-Classic-Cars-en-pr\u00e9sence-des-membres-de-lUMAA-dont-.-768x512.jpg 768w, https:\/\/www.challenge.ma\/wp-content\/uploads\/2019\/10\/M.-Abdellah-Chater-Gouverneur-de-la-province-de-Nouaceur-a-proc\u00e9d\u00e9-\u00e0-l\u2019inauguration-de-la-2\u00e8me-\u00e9dition-des-Classic-Cars-en-pr\u00e9sence-des-membres-de-lUMAA-dont-.-360x240.jpg 360w, https:\/\/www.challenge.ma\/wp-content\/uploads\/2019\/10\/M.-Abdellah-Chater-Gouverneur-de-la-province-de-Nouaceur-a-proc\u00e9d\u00e9-\u00e0-l\u2019inauguration-de-la-2\u00e8me-\u00e9dition-des-Classic-Cars-en-pr\u00e9sence-des-membres-de-lUMAA-dont-.-750x500.jpg 750w\" sizes=\"(max-width: 1024px) 100vw, 1024px\"\/>M. Abdellah Chater, Gouverneur de la province de Nouaceur, a proc\u00e9d\u00e9 \u00e0 l\u2019inauguration de la 2\u00e8me \u00e9dition du Classic Cars en pr\u00e9sence des membres de l\u2019UMAA, dont Rafik Kamal Lahlou, Vice-Pr\u00e9sident de l\u2019UMAA et Abdellah Abdellaoui, Pr\u00e9sident d\u2019honneur de l\u2019UMAA.<\/p>\n<p>Faut-il pr\u00e9ciser que l\u2019\u00e9v\u00e9nement accueillait un peu plus de 250 v\u00e9hicules de collection, en provenance de diverses contr\u00e9es du Royaume, mais aussi de l\u2019Alg\u00e9rie, de la Tunisie, de la Libye, du S\u00e9n\u00e9gal. Aussi, plusieurs stands suscitaient d\u00e9j\u00e0 l\u2019int\u00e9r\u00eat de quelques visiteurs et autres passionn\u00e9s de l\u2019automobile, n\u2019h\u00e9sitant pas \u00e0 admirer du regard, \u00e0 photographier et \u00e0 publier dans la foul\u00e9e sur les r\u00e9seaux sociaux leurs clich\u00e9s favoris. Sur le coup des 16 heures en ce vendredi 18 octobre, l\u2019effervescence est mont\u00e9e d\u2019un cran quand le Gouverneur de la province de Nouaceur, Abdellah Chater, s\u2019est fait un plaisir de proc\u00e9der, en compagnie des membres de l\u2019UMAA, \u00e0 l\u2019inauguration officielle de la 2<sup>\u00e8me<\/sup> \u00e9dition des Classic Cars.<\/p>\n<p>Il faut dire qu\u2019\u00e0 travers cet \u00e9v\u00e9nement, l\u2019UMAA n\u2019a d\u2019autres ambitions que d\u2019\u0153uvrer pleinement pour la pr\u00e9servation et la valorisation du patrimoine automobile national. L\u2019association qui, outre le Classic Cars Expo, dispose en r\u00e9serve d\u2019une palette d\u2019actions \u00e0 court et \u00e0 long terme pour parvenir \u00e0 ses objectifs.<\/p>\n<p><img decoding=\"async\" src=\"https:\/\/www.challenge.ma\/wp-content\/uploads\/2019\/10\/Khalid-Kabbaj-Pr%C3%A9sident-de-lUMAA-768x1024.jpg\" alt=\"\" class=\"wp-image-120969\" srcset=\"https:\/\/www.challenge.ma\/wp-content\/uploads\/2019\/10\/Khalid-Kabbaj-Pr\u00e9sident-de-lUMAA-768x1024.jpg 768w, https:\/\/www.challenge.ma\/wp-content\/uploads\/2019\/10\/Khalid-Kabbaj-Pr\u00e9sident-de-lUMAA-225x300.jpg 225w, https:\/\/www.challenge.ma\/wp-content\/uploads\/2019\/10\/Khalid-Kabbaj-Pr\u00e9sident-de-lUMAA-360x480.jpg 360w, https:\/\/www.challenge.ma\/wp-content\/uploads\/2019\/10\/Khalid-Kabbaj-Pr\u00e9sident-de-lUMAA-750x1000.jpg 750w\" sizes=\"(max-width: 768px) 100vw, 768px\"\/>Khalid Kabbaj, Pr\u00e9sident de l\u2019UMAA.<\/p>\n<p><strong>Des pi\u00e8ces rares<\/strong><\/p>\n<p>Plus de 250 v\u00e9hicules des plus connus aux plus insolites, ceux estim\u00e9s selon leur valeur \u00e0 un prix raisonnable quand d\u2019autres atteignent des sommes stratosph\u00e9riques, il y en avait pour tous les go\u00fbts. Pas de stands qui n\u2019aient \u00e9t\u00e9 boud\u00e9s par les visiteurs tant il avait des choses \u00e0 voir\u00a0: v\u00e9hicules d\u2019avant et d\u2019apr\u00e8s-guerre, citadine, berlines, limousines, v\u00e9hicules sportifs, voire des v\u00e9hicules militaires et autres deux-roues\u2026 Une exposition qui a permis \u00e0 tout un chacun de voyager \u00e0 travers le temps. Le ton \u00e9tait d\u2019ailleurs donn\u00e9, puisqu\u2019\u00e0 peine franchies les portes de ce Salon, les visiteurs ont \u00e9t\u00e9 accueillis par deux engins militaires, dont la c\u00e9l\u00e8bre Jeep Willis de 1941 dans un parfait \u00e9tat de restauration.<\/p>\n<p>Les nostalgiques de la Dolce Vita pu d\u00e9couvrir un ar\u00e9opage de Vespa, toutes g\u00e9n\u00e9rations confondues. La fameuse gu\u00eape du constructeur italien Piaggio a m\u00eame \u00e9t\u00e9 d\u00e9voil\u00e9e par un collectionneur du Royaume en une version side-cars des plus insolite, avec en prime une bagagerie pour peu que le pilote et son passager aient envie d\u2019avaler du kilom\u00e8tre. Un regard \u00e0 gauche sur l\u2019un des stands pour tomber nez \u00e0 nez avec une Mini de Rallye, rappelant les heures de gloire de la marque victorieuse au rallye Monte-Carlo en 1967. Quelques m\u00e8tres plus loin, c\u2019est une Cadillac Eldorado de 1959, le carrosse pr\u00e9f\u00e9r\u00e9 des stars d\u2019Hollywood, qui a attir\u00e9 tous les regards.<\/p>\n<p><img decoding=\"async\" src=\"https:\/\/www.challenge.ma\/wp-content\/uploads\/2019\/10\/5-1024x683.jpg\" alt=\"\" class=\"wp-image-120970\" srcset=\"https:\/\/www.challenge.ma\/wp-content\/uploads\/2019\/10\/5-1024x683.jpg 1024w, https:\/\/www.challenge.ma\/wp-content\/uploads\/2019\/10\/5-300x200.jpg 300w, https:\/\/www.challenge.ma\/wp-content\/uploads\/2019\/10\/5-768x512.jpg 768w, https:\/\/www.challenge.ma\/wp-content\/uploads\/2019\/10\/5-360x240.jpg 360w, https:\/\/www.challenge.ma\/wp-content\/uploads\/2019\/10\/5-750x500.jpg 750w\" sizes=\"(max-width: 1024px) 100vw, 1024px\"\/>De splendides v\u00e9hicules de collection ont attir\u00e9 les regards.<\/p>\n<p>Que dire de ce collectionneur qui, tout comme le club des amis de la 2CV d\u2019Agadir, n\u2019a d\u2019yeux que pour Citro\u00ebn. Concours de circonstances, la marque au double chevron f\u00eate en 2019 son centenaire. Du coup, quelques mod\u00e8les phares dont une Citro\u00ebn <em>B12<\/em>, fabriqu\u00e9e de 1925 \u00e0 1927, plusieurs Traction avant et autres 2 CV qui ont forg\u00e9 la l\u00e9gende de la marque, sans parler des inoubliables DS19 et DS21 qui ont donn\u00e9 \u00e0 Citro\u00ebn ses lettres de noblesse dans la cat\u00e9gorie des v\u00e9hicules premium, ont brill\u00e9 de mille feux au sein de cette exposition.<\/p>\n<p><img decoding=\"async\" src=\"https:\/\/www.challenge.ma\/wp-content\/uploads\/2019\/10\/Une-tr%C3%A8s-rare-Citro%C3%ABn-B12-1024x681.jpg\" alt=\"\" class=\"wp-image-120971\" srcset=\"https:\/\/www.challenge.ma\/wp-content\/uploads\/2019\/10\/Une-tr\u00e8s-rare-Citro\u00ebn-B12-1024x681.jpg 1024w, https:\/\/www.challenge.ma\/wp-content\/uploads\/2019\/10\/Une-tr\u00e8s-rare-Citro\u00ebn-B12-300x200.jpg 300w, https:\/\/www.challenge.ma\/wp-content\/uploads\/2019\/10\/Une-tr\u00e8s-rare-Citro\u00ebn-B12-768x511.jpg 768w, https:\/\/www.challenge.ma\/wp-content\/uploads\/2019\/10\/Une-tr\u00e8s-rare-Citro\u00ebn-B12-360x239.jpg 360w, https:\/\/www.challenge.ma\/wp-content\/uploads\/2019\/10\/Une-tr\u00e8s-rare-Citro\u00ebn-B12-750x499.jpg 750w\" sizes=\"(max-width: 1024px) 100vw, 1024px\"\/>Belle parade pour le centenaire de Citro\u00ebn sur les plus belles art\u00e8res de Casablanca.<\/p>\n<p><strong>Des parades remarqu\u00e9es<\/strong><\/p>\n<p>Sans \u00eatre exhaustif, car il faudrait des pages et des pages pour relater l\u2019histoire si riche de chaque mod\u00e8le, l\u2019une des pi\u00e8ces rares de ce Salon n\u2019\u00e9tait autre qu\u2019une Rolls Royce Silver Wraith Sports Saloon 1949, parfaitement restaur\u00e9e. Cette m\u00eame Rolls qui, dans le cadre d\u2019une parade routi\u00e8re programm\u00e9e le samedi 19 octobre dans les grandes art\u00e8res de Casablanca et pour laquelle une cinquantaine de voitures d\u2019exception ont pris part, n\u2019a pas manqu\u00e9 d\u2019attirer tous les regards. Aussi, les anciens propri\u00e9taires de l\u2019engin, qui avaient effectu\u00e9 le d\u00e9placement, honorant l\u2019\u00e9v\u00e9nement de leur pr\u00e9sence, ont pris une derni\u00e8re fois le volant de leur sublime Rolls. La cerise sur le g\u00e2teau \u00e9tant que ces derniers ayant le souci du d\u00e9tail ont rev\u00eatu une tenue d\u2019\u00e9poque parfaitement appropri\u00e9e \u00e0 leur ancien v\u00e9hicule. Et de parade, il en \u00e9tait question le lendemain, puisque dans le cadre de son centenaire, une cohorte de Citro\u00ebn de tous \u00e2ges ont d\u00e9fil\u00e9 elles aussi en plein c\u0153ur de Casablanca.<\/p>\n<p><img decoding=\"async\" src=\"https:\/\/www.challenge.ma\/wp-content\/uploads\/2019\/10\/Une-somptueuse-1024x576.jpg\" alt=\"\" class=\"wp-image-120973\" srcset=\"https:\/\/www.challenge.ma\/wp-content\/uploads\/2019\/10\/Une-somptueuse-1024x576.jpg 1024w, https:\/\/www.challenge.ma\/wp-content\/uploads\/2019\/10\/Une-somptueuse-300x169.jpg 300w, https:\/\/www.challenge.ma\/wp-content\/uploads\/2019\/10\/Une-somptueuse-768x432.jpg 768w, https:\/\/www.challenge.ma\/wp-content\/uploads\/2019\/10\/Une-somptueuse-360x203.jpg 360w, https:\/\/www.challenge.ma\/wp-content\/uploads\/2019\/10\/Une-somptueuse-750x422.jpg 750w, https:\/\/www.challenge.ma\/wp-content\/uploads\/2019\/10\/Une-somptueuse.jpg 1280w\" sizes=\"(max-width: 1024px) 100vw, 1024px\"\/> Une somptueuse Rolls Royce Silver Wraith Sports Saloon de 1949.<\/p>\n<p><strong>L\u2019Automotive Academy, c\u2019est parti\u00a0!<\/strong><\/p>\n<p>Outre les belles d\u2019antan qui ont fascin\u00e9 le tr\u00e8s nombreux public et quelques autres animations permettant de rester dans l\u2019ambiance, dont des v\u00e9hicules de rallye qui ont fait le spectacle sur le circuit de vitesse du Motorvillage, l\u2019autre int\u00e9r\u00eat du Classic Cars Expo n\u2019\u00e9tait autre que les partenaires et autres op\u00e9rateurs automobiles qui disposaient de leurs stands. Parmi eux, les visiteurs ont pu s\u2019enqu\u00e9rir des offres de formation que propose d\u00e9sormais l\u2019Automotive Academy, le centre de formation aux m\u00e9tiers de l\u2019automobile cr\u00e9e de toute pi\u00e8ce par l\u2019UMAA. Une \u00e9cole qui a ouvert ses portes en septembre dernier \u00e0 une vingtaine de jeunes bacheliers.<\/p>\n<p>Ces derniers disposeront d\u2019un encadrement de haut niveau, qui sera assur\u00e9 par des professionnels de la m\u00e9canique automobile ancienne et la m\u00e9canique orient\u00e9e sport automobile. Un cycle de deux ans de formation de technicien automobile d\u00e9livrant un dipl\u00f4me reconnu par l\u2019\u00e9ducation nationale, compl\u00e9t\u00e9 par une formation additionnelle de 1030 heures de qualification avec \u00e0 la cl\u00e9 deux options : pr\u00e9parateur et assistant de sport m\u00e9canique ou restaurateur voitures d\u2019\u00e9poque.<\/p>\n<p><img decoding=\"async\" src=\"https:\/\/www.challenge.ma\/wp-content\/uploads\/2019\/10\/6-1024x576.jpg\" alt=\"\" class=\"wp-image-120976\" srcset=\"https:\/\/www.challenge.ma\/wp-content\/uploads\/2019\/10\/6-1024x576.jpg 1024w, https:\/\/www.challenge.ma\/wp-content\/uploads\/2019\/10\/6-300x169.jpg 300w, https:\/\/www.challenge.ma\/wp-content\/uploads\/2019\/10\/6-768x432.jpg 768w, https:\/\/www.challenge.ma\/wp-content\/uploads\/2019\/10\/6-360x203.jpg 360w, https:\/\/www.challenge.ma\/wp-content\/uploads\/2019\/10\/6-750x422.jpg 750w, https:\/\/www.challenge.ma\/wp-content\/uploads\/2019\/10\/6.jpg 1280w\" sizes=\"(max-width: 1024px) 100vw, 1024px\"\/>Le stand de ce collectionneur passionn\u00e9 des scooters Vespa a \u00e9t\u00e9 tr\u00e8s pris\u00e9 des visiteurs.<\/p>\n<p>Pour autant les ambitions de l\u2019UMAA s\u2019agissant de la valorisation du patrimoine national ne s\u2019arr\u00eatent pas en si bon chemin. L\u2019Union est en train de travailler activement \u00e0 l\u2019ouverture dans le Royaume d\u2019un mus\u00e9e \u00e0 m\u00eame de rassembler les plus beaux exemplaires automobiles et pi\u00e8ces in\u00e9dites que compte le Royaume.<\/p>\n<div class=\"c17\">\n<fieldset class=\"c16\">\n<legend><strong><span class=\"c11\">Challenge<\/span><span class=\"c12\">news<\/span><\/strong><\/legend>\n<div class=\"c15\">Le meilleur de la r\u00e9daction s\u00e9lectionn\u00e9 par Challenge :<\/p>\n<\/div>\n<\/fieldset>\n<\/div>\n<p>Auteur: David J\u00e9r\u00e9mie<br \/>\n<a href=\"https:\/\/www.challenge.ma\/classic-cars-expo-une-2eme-edition-remarquable-120965\/\">Cliquez ici pour lire l&rsquo;article depuis sa source.<\/a><\/p>\n","protected":false},"excerpt":{"rendered":"<p>La deuxi\u00e8me \u00e9dition du \u00abClassic Cars Expo\u00bb qui s\u2019est d\u00e9roul\u00e9e du vendredi 18 au dimanche 20 octobre courant en plein c\u0153ur du Motorvillage \u00e0 Bouskoura a connu un tr\u00e8s grand succ\u00e8s populaire. Nombreux ont \u00e9t\u00e9 les visiteurs et autres passionn\u00e9es de l\u2019automobile \u00e0 venir admirer une belle brochette de v\u00e9hicules d\u2019\u00e9poque avec, en prime, des [&hellip;]<\/p>\n","protected":false},"author":1787,"featured_media":0,"comment_status":"closed","ping_status":"closed","sticky":false,"template":"","format":"standard","meta":{"fifu_image_url":"","fifu_image_alt":"","footnotes":""},"categories":[78,54],"tags":[],"class_list":["post-65105","post","type-post","status-publish","format-standard","hentry","category-economie","category-maroc"],"_links":{"self":[{"href":"https:\/\/linitiative.ca\/International\/wp-json\/wp\/v2\/posts\/65105","targetHints":{"allow":["GET"]}}],"collection":[{"href":"https:\/\/linitiative.ca\/International\/wp-json\/wp\/v2\/posts"}],"about":[{"href":"https:\/\/linitiative.ca\/International\/wp-json\/wp\/v2\/types\/post"}],"author":[{"embeddable":true,"href":"https:\/\/linitiative.ca\/International\/wp-json\/wp\/v2\/users\/1787"}],"replies":[{"embeddable":true,"href":"https:\/\/linitiative.ca\/International\/wp-json\/wp\/v2\/comments?post=65105"}],"version-history":[{"count":0,"href":"https:\/\/linitiative.ca\/International\/wp-json\/wp\/v2\/posts\/65105\/revisions"}],"wp:attachment":[{"href":"https:\/\/linitiative.ca\/International\/wp-json\/wp\/v2\/media?parent=65105"}],"wp:term":[{"taxonomy":"category","embeddable":true,"href":"https:\/\/linitiative.ca\/International\/wp-json\/wp\/v2\/categories?post=65105"},{"taxonomy":"post_tag","embeddable":true,"href":"https:\/\/linitiative.ca\/International\/wp-json\/wp\/v2\/tags?post=65105"}],"curies":[{"name":"wp","href":"https:\/\/api.w.org\/{rel}","templated":true}]}}