{"id":65107,"date":"2019-10-21T16:24:18","date_gmt":"2019-10-21T20:24:18","guid":{"rendered":"https:\/\/linitiative.ca\/International\/le-groupe-lamatem-inaugure-la-premiere-usine-de-textile-medical-au-maroc\/"},"modified":"2019-10-21T16:24:18","modified_gmt":"2019-10-21T20:24:18","slug":"le-groupe-lamatem-inaugure-la-premiere-usine-de-textile-medical-au-maroc","status":"publish","type":"post","link":"https:\/\/linitiative.ca\/International\/le-groupe-lamatem-inaugure-la-premiere-usine-de-textile-medical-au-maroc\/","title":{"rendered":"Le groupe Lamatem inaugure la premi\u00e8re usine de textile m\u00e9dical au Maroc"},"content":{"rendered":"<p><strong>Il s\u2019agit de la premi\u00e8re usine sp\u00e9cialis\u00e9e dans la production de textile m\u00e9dical au Maroc. Install\u00e9e \u00e0 Berrechid, elle a n\u00e9cessit\u00e9 un investissement de 120 millions de DH et est dot\u00e9e d\u2019une capacit\u00e9 de production de 6 millions d\u2019unit\u00e9s par mois.<\/strong><\/p>\n<div class=\"c10\"\/>\n<p>C\u2019est la ville de Berrechid que le <strong>groupe Lamatem<\/strong> a choisie pour installer sa premi\u00e8re usine sp\u00e9cialis\u00e9e dans la production de textile m\u00e9dical. Inaugur\u00e9e le 21 octobre, cette <strong>unit\u00e9 industrielle<\/strong> repr\u00e9sente le premier du genre dans le Royaume. Soulignons que ce projet du groupe Lamatem a n\u00e9cessit\u00e9 un investissement de 120 millions de DH. Selon le top management, cette usine est en mesure de produire tous les types d\u2019habillement n\u00e9cessaires dans les diff\u00e9rentes <strong>interventions m\u00e9dicales<\/strong>, allant de la simple visite \u00e0 l\u2019op\u00e9ration chirurgicale (Blouses, dragage, pyjamas de bloc, casaques, charlottes, cagoules..).<\/p>\n<p>Lire aussi : <a href=\"https:\/\/www.challenge.ma\/conjoncture-favorable-pour-le-textile-120809\/\">Conjoncture favorable pour le textile<\/a><\/p>\n<p>L\u2019usine s\u2019\u00e9tale sur une superficie de 13.800 m2, dont une salle blanche de 6.000 m2 extensible \u00e0 8.500 m2. De m\u00eame, elle dispose d\u2019un hangar de stockage avec des quais de livraison et de r\u00e9ception de 2.500 m2 et est certifi\u00e9e ISO 13495. Sa capacit\u00e9 de production actuelle est estim\u00e9e \u00e0 6 millions d\u2019unit\u00e9s par mois. \u00ab\u00a0Cet <strong>investissement<\/strong> important permet, outre la cr\u00e9ation d\u2019emplois dans la r\u00e9gion, de densifier l\u2019\u00e9cosyst\u00e8me Textile \u00e0 usage technique, une fili\u00e8re innovante qui pr\u00e9sente un fort potentiel de d\u00e9veloppement\u00a0\u00bb, a soulign\u00e9 Moulay Hafid Elalamy, ministre de l\u2019Industrie, du Commerce, de l\u2019\u00c9conomie verte et num\u00e9rique en marge de l\u2019inauguration.<\/p>\n<p>\u00a0\u00ab\u00a0Cette usine vient renforcer les capacit\u00e9s de production du textile \u00e0 usage m\u00e9dical dont la majorit\u00e9 au Maroc est exclusivement import\u00e9\u00a0\u00bb, a t-il ajout\u00e9. Selon le ministre, l\u2019usine de Lamatem, qui emploie actuellement 350 personnes, va non seulement servir le <strong>march\u00e9 local<\/strong>, mais aussi \u00ab\u00a0se frotter \u00e0 la concurrence et \u00e0 la qualit\u00e9 internationales en exportant 90% de sa production\u00a0\u00bb. Moulay Hafid Elalamy a d\u2019ailleurs fait remarquer que le secteur du Textile au Maroc a retrouv\u00e9 des couleurs et est en train de redevenir un des <strong>vecteurs de d\u00e9veloppement<\/strong> de l\u2019\u00e9conomie marocaine.<\/p>\n<p>\u00ab\u00a0Avec ce projet, le Maroc entre dans le club restreint des pays producteurs de textile m\u00e9dical \u00e0 usage unique. L\u2019objectif de Lamatem est de servir le secteur de la sant\u00e9 au Maroc\u00a0\u00bb, a, pour sa part, assur\u00e9 le Pr\u00e9sident directeur g\u00e9n\u00e9ral de Lamatem, Abdallah Badaa. Pour rappel, Lamatem avait, auparavant, sign\u00e9 une convention avec le minist\u00e8re de l\u2019Industrie, tablant sur la cr\u00e9ation de pr\u00e8s de 850 postes d\u2019emplois au total (directs et indirects).<\/p>\n<div class=\"c17\">\n<fieldset class=\"c16\">\n<legend><strong><span class=\"c11\">Challenge<\/span><span class=\"c12\">news<\/span><\/strong><\/legend>\n<div class=\"c15\">Le meilleur de la r\u00e9daction s\u00e9lectionn\u00e9 par Challenge :<\/p>\n<\/div>\n<\/fieldset>\n<\/div>\n<p>Auteur: Roland Amoussou<br \/>\n<a href=\"https:\/\/www.challenge.ma\/le-groupe-lamatem-inaugure-la-premiere-usine-de-textile-medical-au-maroc-120991\/\">Cliquez ici pour lire l&rsquo;article depuis sa source.<\/a><\/p>\n","protected":false},"excerpt":{"rendered":"<p>Il s\u2019agit de la premi\u00e8re usine sp\u00e9cialis\u00e9e dans la production de textile m\u00e9dical au Maroc. Install\u00e9e \u00e0 Berrechid, elle a n\u00e9cessit\u00e9 un investissement de 120 millions de DH et est dot\u00e9e d\u2019une capacit\u00e9 de production de 6 millions d\u2019unit\u00e9s par mois. C\u2019est la ville de Berrechid que le groupe Lamatem a choisie pour installer sa [&hellip;]<\/p>\n","protected":false},"author":1787,"featured_media":0,"comment_status":"closed","ping_status":"closed","sticky":false,"template":"","format":"standard","meta":{"fifu_image_url":"","fifu_image_alt":"","footnotes":""},"categories":[78,54],"tags":[],"class_list":["post-65107","post","type-post","status-publish","format-standard","hentry","category-economie","category-maroc"],"_links":{"self":[{"href":"https:\/\/linitiative.ca\/International\/wp-json\/wp\/v2\/posts\/65107","targetHints":{"allow":["GET"]}}],"collection":[{"href":"https:\/\/linitiative.ca\/International\/wp-json\/wp\/v2\/posts"}],"about":[{"href":"https:\/\/linitiative.ca\/International\/wp-json\/wp\/v2\/types\/post"}],"author":[{"embeddable":true,"href":"https:\/\/linitiative.ca\/International\/wp-json\/wp\/v2\/users\/1787"}],"replies":[{"embeddable":true,"href":"https:\/\/linitiative.ca\/International\/wp-json\/wp\/v2\/comments?post=65107"}],"version-history":[{"count":0,"href":"https:\/\/linitiative.ca\/International\/wp-json\/wp\/v2\/posts\/65107\/revisions"}],"wp:attachment":[{"href":"https:\/\/linitiative.ca\/International\/wp-json\/wp\/v2\/media?parent=65107"}],"wp:term":[{"taxonomy":"category","embeddable":true,"href":"https:\/\/linitiative.ca\/International\/wp-json\/wp\/v2\/categories?post=65107"},{"taxonomy":"post_tag","embeddable":true,"href":"https:\/\/linitiative.ca\/International\/wp-json\/wp\/v2\/tags?post=65107"}],"curies":[{"name":"wp","href":"https:\/\/api.w.org\/{rel}","templated":true}]}}